{"id":1998,"date":"2015-05-04T03:36:45","date_gmt":"2015-05-04T03:36:45","guid":{"rendered":"https:\/\/armstrongyregion.com.ar\/diario\/?p=1998"},"modified":"2015-05-04T03:36:45","modified_gmt":"2015-05-04T03:36:45","slug":"una-muestra-de-autos-y-un-emblema-de-la-industria-local-organizado-por-referentes-de-la-escuela-tecnica","status":"publish","type":"post","link":"https:\/\/armstrongyregion.com.ar\/diario\/una-muestra-de-autos-y-un-emblema-de-la-industria-local-organizado-por-referentes-de-la-escuela-tecnica\/","title":{"rendered":"Una muestra de autos y un emblema de la industria local, organizado por referentes de la Escuela T\u00e9cnica."},"content":{"rendered":"<p><a href=\"http:\/\/armstrongyregion.com.ar\/diario\/wp-content\/uploads\/2015\/05\/Ariel-Sola.jpg\"><img loading=\"lazy\" decoding=\"async\" src=\"http:\/\/armstrongyregion.com.ar\/diario\/wp-content\/uploads\/2015\/05\/Ariel-Sola-300x195.jpg\" alt=\"Ariel Sola\" width=\"300\" height=\"195\" class=\"alignnone size-medium wp-image-1999\" srcset=\"https:\/\/armstrongyregion.com.ar\/diario\/wp-content\/uploads\/2015\/05\/Ariel-Sola-300x195.jpg 300w, https:\/\/armstrongyregion.com.ar\/diario\/wp-content\/uploads\/2015\/05\/Ariel-Sola.jpg 768w\" sizes=\"auto, (max-width: 300px) 100vw, 300px\" \/><\/a>En la ma\u00f1ana del domingo 3 de mayo, se realiz\u00f3 el 1er Encuentro Automovil\u00edstico en Armstrong organizado por referentes de la Esc. T\u00e9cnica Fray Luis Beltr\u00e1n.<br \/>\nSobre la muestra de autos que se realizo en nuestra ciudad Ariel Sola. Director de la Esc. T\u00e9cnica Fray Luis Beltr\u00e1n, manifest\u00f3: \u201cSe concret\u00f3 como estaba previsto y se dio de la mejor manera.\u201d<br \/>\nSobre cu\u00e1les fueron los objetivos de realizar la muestra y quienes participaron el directivo manifest\u00f3: \u201cEl objetivo es tener un encuentro, un evento de nuestra instituci\u00f3n y pensamos adem\u00e1s que en Armstrong no ten\u00edamos una realizaci\u00f3n vinculada al pueblo \u201cfierrero\u201d y la necesidad nuestra de tener relaci\u00f3n con las empresas que inclusive muchas de ellas auspician los veh\u00edculos y adem\u00e1s mostrar  el auto que fuera de Meifa, como si reci\u00e9n saliera de f\u00e1brica.\u201d<br \/>\nSola, agreg\u00f3 que:\u201d Esta muestra puede llegar a tener continuidad en la ciudad y el a\u00f1o que viene volver a presentar otro tipo de tem\u00e1tica, pero siempre vinculada al mundo \u201cfierrero\u201d.<br \/>\nSobre como es la reacci\u00f3n de los alumnos de la escuela el director de la t\u00e9cnica dijo: \u201cLos estudiantes participaron en la muestra, vinieron a ver los coches, trabajaron  en la organizaci\u00f3n de los distintos eventos y en \u00e9sta en particular que nos trajo este auto tan emblem\u00e1tico para la ciudad.\u201d<\/p>\n","protected":false},"excerpt":{"rendered":"<p>En la ma\u00f1ana del domingo 3 de mayo, se realiz\u00f3 el 1er Encuentro Automovil\u00edstico en Armstrong organizado por referentes de la Esc. T\u00e9cnica Fray Luis Beltr\u00e1n. Sobre la muestra de autos que se realizo en nuestra ciudad Ariel Sola. Director de la Esc. T\u00e9cnica Fray Luis Beltr\u00e1n, manifest\u00f3: \u201cSe concret\u00f3 como estaba previsto y se <a href=\"https:\/\/armstrongyregion.com.ar\/diario\/una-muestra-de-autos-y-un-emblema-de-la-industria-local-organizado-por-referentes-de-la-escuela-tecnica\/\" title=\"Read more\" >&#8230;<\/a><\/p>\n","protected":false},"author":2,"featured_media":1999,"comment_status":"open","ping_status":"open","sticky":false,"template":"","format":"standard","meta":{"_jetpack_memberships_contains_paid_content":false,"footnotes":"","jetpack_publicize_message":"","jetpack_publicize_feature_enabled":true,"jetpack_social_post_already_shared":false,"jetpack_social_options":{"image_generator_settings":{"template":"highway","default_image_id":0,"enabled":false},"version":2}},"categories":[6,1,2],"tags":[1601,19,1602,744,1603,31,1200,1358,1604,60,1605,1606,192,103,13],"class_list":["post-1998","post","type-post","status-publish","format-standard","has-post-thumbnail","hentry","category-cultura-entretenimiento","category-diario-armstrong","category-locales","tag-autos","tag-de","tag-emblema","tag-escuela","tag-industria","tag-la","tag-local","tag-muestra","tag-organizado","tag-por","tag-referentes","tag-tecnica","tag-un","tag-una","tag-y"],"jetpack_publicize_connections":[],"jetpack_featured_media_url":"https:\/\/armstrongyregion.com.ar\/diario\/wp-content\/uploads\/2015\/05\/Ariel-Sola.jpg","jetpack_shortlink":"https:\/\/wp.me\/p62QDO-we","jetpack_sharing_enabled":true,"amp_enabled":true,"_links":{"self":[{"href":"https:\/\/armstrongyregion.com.ar\/diario\/wp-json\/wp\/v2\/posts\/1998","targetHints":{"allow":["GET"]}}],"collection":[{"href":"https:\/\/armstrongyregion.com.ar\/diario\/wp-json\/wp\/v2\/posts"}],"about":[{"href":"https:\/\/armstrongyregion.com.ar\/diario\/wp-json\/wp\/v2\/types\/post"}],"author":[{"embeddable":true,"href":"https:\/\/armstrongyregion.com.ar\/diario\/wp-json\/wp\/v2\/users\/2"}],"replies":[{"embeddable":true,"href":"https:\/\/armstrongyregion.com.ar\/diario\/wp-json\/wp\/v2\/comments?post=1998"}],"version-history":[{"count":0,"href":"https:\/\/armstrongyregion.com.ar\/diario\/wp-json\/wp\/v2\/posts\/1998\/revisions"}],"wp:featuredmedia":[{"embeddable":true,"href":"https:\/\/armstrongyregion.com.ar\/diario\/wp-json\/wp\/v2\/media\/1999"}],"wp:attachment":[{"href":"https:\/\/armstrongyregion.com.ar\/diario\/wp-json\/wp\/v2\/media?parent=1998"}],"wp:term":[{"taxonomy":"category","embeddable":true,"href":"https:\/\/armstrongyregion.com.ar\/diario\/wp-json\/wp\/v2\/categories?post=1998"},{"taxonomy":"post_tag","embeddable":true,"href":"https:\/\/armstrongyregion.com.ar\/diario\/wp-json\/wp\/v2\/tags?post=1998"}],"curies":[{"name":"wp","href":"https:\/\/api.w.org\/{rel}","templated":true}]}}