{"id":19959,"date":"2019-01-09T14:59:46","date_gmt":"2019-01-09T14:59:46","guid":{"rendered":"https:\/\/armstrongyregion.com.ar\/diario\/?p=19959"},"modified":"2019-01-09T14:59:46","modified_gmt":"2019-01-09T14:59:46","slug":"huellas-de-america-por-2da-vez-en-nuestra-ciudad","status":"publish","type":"post","link":"https:\/\/armstrongyregion.com.ar\/diario\/huellas-de-america-por-2da-vez-en-nuestra-ciudad\/","title":{"rendered":"Huellas de Am\u00e9rica por 2da vez en nuestra ciudad."},"content":{"rendered":"<p><a href=\"http:\/\/armstrongyregion.com.ar\/diario\/wp-content\/uploads\/2019\/01\/huellas-de-America-.jpg\"><img loading=\"lazy\" decoding=\"async\" class=\"alignnone size-full wp-image-19960\" src=\"http:\/\/armstrongyregion.com.ar\/diario\/wp-content\/uploads\/2019\/01\/huellas-de-America-.jpg\" alt=\"huellas-de-America-\" width=\"768\" height=\"543\" srcset=\"https:\/\/armstrongyregion.com.ar\/diario\/wp-content\/uploads\/2019\/01\/huellas-de-America-.jpg 768w, https:\/\/armstrongyregion.com.ar\/diario\/wp-content\/uploads\/2019\/01\/huellas-de-America--300x212.jpg 300w\" sizes=\"auto, (max-width: 768px) 100vw, 768px\" \/><\/a>Por segunda vez en la historia de Armstrong se realizar\u00e1 el 2\u00b0 Festival Internacional de Danzas Folkl\u00f3ricas \u201cHuellas de Am\u00e9rica\u201d, del 16 al 20 de enero de 2018 con delegaciones que llegar\u00e1n desde Per\u00fa, Bolivia, Paraguay y M\u00e9xico.<\/p>\n<p>Los organizadores: El grupo de danzas Bemba Color\u00e1, con m\u00e1s de 20 a\u00f1os de trayectoria, junto al Centro Tradicionalista el Tropero y la Municipalidad local acompa\u00f1ados por toda la poblaci\u00f3n dar\u00e1n un nuevo \u00a0paso dejando la segunda huella en la historia de esta peque\u00f1a y pujante localidad.<\/p>\n<p>Siendo las danzas folcl\u00f3ricas protagonistas y espejo de nuestras culturas, podremos difundir e intercambiar con nuestros hermanos latinoamericanos<\/p>\n<p>El \u00a0Acto de bienvenida en el sal\u00f3n Delmo Dar\u00f3 (San Mart\u00edn 1565) el pr\u00f3ximo mi\u00e9rcoles 16 de enero a las 9 de la ma\u00f1ana.<\/p>\n<p>Mauricio Verstraete Director del cuerpo de baile Bemba Color\u00e1 expresaba: \u201cEste a\u00f1o 4 delegaciones, \u00a0aproximadamente a 49 personas se les brindara alojamiento y comida, ser\u00e1n bienvenidos hermanos de Per\u00fa, Bolivia, Paraguay y M\u00e9xico\u201d.<\/p>\n<p>Luego a\u00f1adi\u00f3: \u201cDistribuimos las actividades en diversos lugares,\u00a0 Sum de Cable Imagen Armstrong, Museo, Plaza P\u00e9rez Esquivel,\u00a0 Sala Iris Marga y plaza San Martin, todas las tardes habr\u00e1 cursos de formaci\u00f3n, tambi\u00e9n recorrer\u00e1n los natatorios de nuestra ciudad.<\/p>\n<p>La idea es que todos los barrios de Armstrong tengan \u00a0algo de nuestro festival\u201d. Finaliz\u00f3.<\/p>\n<p>Bemba Color\u00e1 fue apoyado en varias ocasiones por su localidad, la regi\u00f3n y la provincia para compartir e intercambiar con distintas delegaciones en el exterior, donde han sido recibidos y acogidos de la mejor manera. En esta oportunidad y en devoluci\u00f3n quieren ser ellos esta vez quienes reciban a delegaciones del exterior para retribuir el gesto de su gente realizando un evento que podr\u00e1n disfrutar quienes acompa\u00f1aron en todo momento.<\/p>\n<p>&nbsp;<\/p>\n","protected":false},"excerpt":{"rendered":"<p>Por segunda vez en la historia de Armstrong se realizar\u00e1 el 2\u00b0 Festival Internacional de Danzas Folkl\u00f3ricas \u201cHuellas de Am\u00e9rica\u201d, del 16 al 20 de enero de 2018 con delegaciones que llegar\u00e1n desde Per\u00fa, Bolivia, Paraguay y M\u00e9xico. Los organizadores: El grupo de danzas Bemba Color\u00e1, con m\u00e1s de 20 a\u00f1os de trayectoria, junto al <a href=\"https:\/\/armstrongyregion.com.ar\/diario\/huellas-de-america-por-2da-vez-en-nuestra-ciudad\/\" title=\"Read more\" >&#8230;<\/a><\/p>\n","protected":false},"author":1,"featured_media":19960,"comment_status":"open","ping_status":"open","sticky":false,"template":"","format":"standard","meta":{"_jetpack_memberships_contains_paid_content":false,"footnotes":"","jetpack_publicize_message":"","jetpack_publicize_feature_enabled":true,"jetpack_social_post_already_shared":false,"jetpack_social_options":{"image_generator_settings":{"template":"highway","default_image_id":0,"enabled":false},"version":2}},"categories":[6,8,1,2,3],"tags":[718,3311,390,19,15,7472,91,60,2463],"class_list":["post-19959","post","type-post","status-publish","format-standard","has-post-thumbnail","hentry","category-cultura-entretenimiento","category-deliberando","category-diario-armstrong","category-locales","category-region","tag-2da","tag-america","tag-ciudad","tag-de","tag-en","tag-huellas","tag-nuestra","tag-por","tag-vez"],"jetpack_publicize_connections":[],"jetpack_featured_media_url":"https:\/\/armstrongyregion.com.ar\/diario\/wp-content\/uploads\/2019\/01\/huellas-de-America-.jpg","jetpack_shortlink":"https:\/\/wp.me\/p62QDO-5bV","jetpack_sharing_enabled":true,"amp_enabled":true,"_links":{"self":[{"href":"https:\/\/armstrongyregion.com.ar\/diario\/wp-json\/wp\/v2\/posts\/19959","targetHints":{"allow":["GET"]}}],"collection":[{"href":"https:\/\/armstrongyregion.com.ar\/diario\/wp-json\/wp\/v2\/posts"}],"about":[{"href":"https:\/\/armstrongyregion.com.ar\/diario\/wp-json\/wp\/v2\/types\/post"}],"author":[{"embeddable":true,"href":"https:\/\/armstrongyregion.com.ar\/diario\/wp-json\/wp\/v2\/users\/1"}],"replies":[{"embeddable":true,"href":"https:\/\/armstrongyregion.com.ar\/diario\/wp-json\/wp\/v2\/comments?post=19959"}],"version-history":[{"count":0,"href":"https:\/\/armstrongyregion.com.ar\/diario\/wp-json\/wp\/v2\/posts\/19959\/revisions"}],"wp:featuredmedia":[{"embeddable":true,"href":"https:\/\/armstrongyregion.com.ar\/diario\/wp-json\/wp\/v2\/media\/19960"}],"wp:attachment":[{"href":"https:\/\/armstrongyregion.com.ar\/diario\/wp-json\/wp\/v2\/media?parent=19959"}],"wp:term":[{"taxonomy":"category","embeddable":true,"href":"https:\/\/armstrongyregion.com.ar\/diario\/wp-json\/wp\/v2\/categories?post=19959"},{"taxonomy":"post_tag","embeddable":true,"href":"https:\/\/armstrongyregion.com.ar\/diario\/wp-json\/wp\/v2\/tags?post=19959"}],"curies":[{"name":"wp","href":"https:\/\/api.w.org\/{rel}","templated":true}]}}