{"id":19954,"date":"2019-01-08T11:08:12","date_gmt":"2019-01-08T11:08:12","guid":{"rendered":"https:\/\/armstrongyregion.com.ar\/diario\/?p=19954"},"modified":"2019-01-08T11:08:12","modified_gmt":"2019-01-08T11:08:12","slug":"el-sol-y-calor-no-se-guardan-nada-para-hoy","status":"publish","type":"post","link":"https:\/\/armstrongyregion.com.ar\/diario\/el-sol-y-calor-no-se-guardan-nada-para-hoy\/","title":{"rendered":"El sol y calor no se guardan nada para hoy."},"content":{"rendered":"<p><a href=\"http:\/\/armstrongyregion.com.ar\/diario\/wp-content\/uploads\/2016\/02\/calor.jpg\"><img loading=\"lazy\" decoding=\"async\" class=\"alignnone size-full wp-image-6165\" src=\"http:\/\/armstrongyregion.com.ar\/diario\/wp-content\/uploads\/2016\/02\/calor.jpg\" alt=\"calor\" width=\"768\" height=\"475\" srcset=\"https:\/\/armstrongyregion.com.ar\/diario\/wp-content\/uploads\/2016\/02\/calor.jpg 768w, https:\/\/armstrongyregion.com.ar\/diario\/wp-content\/uploads\/2016\/02\/calor-300x186.jpg 300w\" sizes=\"auto, (max-width: 768px) 100vw, 768px\" \/><\/a>El martes ser\u00e1 el retorno a un d\u00eda muy caluroso, con un sol impecable y frentes transpiradas. Se esperan 33 grados, y que las nubes ni se acerquen. Mi\u00e9rcoles y jueves se viene el agua.<\/p>\n<div id=\"banner-contenido-1\" class=\"banner-contenido\">\n<div id=\"div-gpt-ad-1477414080447-0\">\n<div id=\"google_ads_iframe_\/27798361\/23-NOTA-Vertical-embebida_0__container__\">Desde temprano el buen clima se evidenci\u00f3 en el cielo celeste, sin nubes a la vista. Y el calor tambi\u00e9n porque a las 7 la temperatura estaba en los 19 grados.<\/div>\n<\/div>\n<\/div>\n<p>Protector, caminar por la sombra y no exponerse demasiado al sol, son algunas recomendaciones.<\/p>\n","protected":false},"excerpt":{"rendered":"<p>El martes ser\u00e1 el retorno a un d\u00eda muy caluroso, con un sol impecable y frentes transpiradas. Se esperan 33 grados, y que las nubes ni se acerquen. Mi\u00e9rcoles y jueves se viene el agua. Desde temprano el buen clima se evidenci\u00f3 en el cielo celeste, sin nubes a la vista. Y el calor tambi\u00e9n <a href=\"https:\/\/armstrongyregion.com.ar\/diario\/el-sol-y-calor-no-se-guardan-nada-para-hoy\/\" title=\"Read more\" >&#8230;<\/a><\/p>\n","protected":false},"author":1,"featured_media":6134,"comment_status":"open","ping_status":"open","sticky":false,"template":"","format":"standard","meta":{"_jetpack_memberships_contains_paid_content":false,"footnotes":"","jetpack_publicize_message":"","jetpack_publicize_feature_enabled":true,"jetpack_social_post_already_shared":false,"jetpack_social_options":{"image_generator_settings":{"template":"highway","default_image_id":0,"enabled":false},"version":2}},"categories":[8,1,2,3],"tags":[20,145,390,19,15,31,327,388,13],"class_list":["post-19954","post","type-post","status-publish","format-standard","has-post-thumbnail","hentry","category-deliberando","category-diario-armstrong","category-locales","category-region","tag-armstrong","tag-calor","tag-ciudad","tag-de","tag-en","tag-la","tag-martes","tag-region-2","tag-y"],"jetpack_publicize_connections":[],"jetpack_featured_media_url":"https:\/\/armstrongyregion.com.ar\/diario\/wp-content\/uploads\/2016\/02\/calor-Armstrong-.jpg","jetpack_shortlink":"https:\/\/wp.me\/p62QDO-5bQ","jetpack_sharing_enabled":true,"amp_enabled":true,"_links":{"self":[{"href":"https:\/\/armstrongyregion.com.ar\/diario\/wp-json\/wp\/v2\/posts\/19954","targetHints":{"allow":["GET"]}}],"collection":[{"href":"https:\/\/armstrongyregion.com.ar\/diario\/wp-json\/wp\/v2\/posts"}],"about":[{"href":"https:\/\/armstrongyregion.com.ar\/diario\/wp-json\/wp\/v2\/types\/post"}],"author":[{"embeddable":true,"href":"https:\/\/armstrongyregion.com.ar\/diario\/wp-json\/wp\/v2\/users\/1"}],"replies":[{"embeddable":true,"href":"https:\/\/armstrongyregion.com.ar\/diario\/wp-json\/wp\/v2\/comments?post=19954"}],"version-history":[{"count":0,"href":"https:\/\/armstrongyregion.com.ar\/diario\/wp-json\/wp\/v2\/posts\/19954\/revisions"}],"wp:featuredmedia":[{"embeddable":true,"href":"https:\/\/armstrongyregion.com.ar\/diario\/wp-json\/wp\/v2\/media\/6134"}],"wp:attachment":[{"href":"https:\/\/armstrongyregion.com.ar\/diario\/wp-json\/wp\/v2\/media?parent=19954"}],"wp:term":[{"taxonomy":"category","embeddable":true,"href":"https:\/\/armstrongyregion.com.ar\/diario\/wp-json\/wp\/v2\/categories?post=19954"},{"taxonomy":"post_tag","embeddable":true,"href":"https:\/\/armstrongyregion.com.ar\/diario\/wp-json\/wp\/v2\/tags?post=19954"}],"curies":[{"name":"wp","href":"https:\/\/api.w.org\/{rel}","templated":true}]}}