{"id":19918,"date":"2019-01-04T11:24:05","date_gmt":"2019-01-04T11:24:05","guid":{"rendered":"https:\/\/armstrongyregion.com.ar\/diario\/?p=19918"},"modified":"2019-01-04T11:24:05","modified_gmt":"2019-01-04T11:24:05","slug":"la-industria-tuvo-en-noviembre-la-peor-caida-de-los-ultimos-anos","status":"publish","type":"post","link":"https:\/\/armstrongyregion.com.ar\/diario\/la-industria-tuvo-en-noviembre-la-peor-caida-de-los-ultimos-anos\/","title":{"rendered":"La industria tuvo en noviembre la peor ca\u00edda de los \u00faltimos a\u00f1os."},"content":{"rendered":"<p><a href=\"http:\/\/armstrongyregion.com.ar\/diario\/wp-content\/uploads\/2016\/05\/industria.jpg_1572130063.jpg\"><img loading=\"lazy\" decoding=\"async\" class=\"alignnone size-full wp-image-7690\" src=\"http:\/\/armstrongyregion.com.ar\/diario\/wp-content\/uploads\/2016\/05\/industria.jpg_1572130063.jpg\" alt=\"industria.\" width=\"760\" height=\"428\" srcset=\"https:\/\/armstrongyregion.com.ar\/diario\/wp-content\/uploads\/2016\/05\/industria.jpg_1572130063.jpg 760w, https:\/\/armstrongyregion.com.ar\/diario\/wp-content\/uploads\/2016\/05\/industria.jpg_1572130063-300x169.jpg 300w\" sizes=\"auto, (max-width: 760px) 100vw, 760px\" \/><\/a>La actividad industrial registr\u00f3 en noviembre una baja del 13,3% en relaci\u00f3n a igual per\u00edodo del a\u00f1o pasado, lo que la convierte en el mayor retroceso de los \u00faltimos a\u00f1os, inform\u00f3 este jueves el Instituto Nacional de Estad\u00edstica y Censos (Indec). La construcci\u00f3n tambi\u00e9n se desplom\u00f3.<\/p>\n<div id=\"banner-contenido-1\" class=\"banner-contenido\">\u00a0El Indec se\u00f1al\u00f3 en un comunicado que el acumulado anual del Estimador Mensual Industrial (EMI), respecto del mismo per\u00edodo del a\u00f1o previo, arroj\u00f3 una ca\u00edda del 3,8% en el und\u00e9cimo mes del a\u00f1o.<\/div>\n<p>La ca\u00edda ya es sostenida: en octubre el EMI hab\u00eda mermado en un 6,8 por ciento, mientras que en en septiembre pasado se contrajo un 11,5 por ciento.<\/p>\n<p>Por otro lado, siempre seg\u00fan datos del Indec, se supo que la construcci\u00f3n cay\u00f3 15,9% en noviembre pasado con respecto a igual mes de 2017. De cualquier manera, el acumulado del \u00edndice serie original durante los once meses de 2018 presenta un aumento de 2,7%.<\/p>\n<p>Datos de INDEC.<\/p>\n","protected":false},"excerpt":{"rendered":"<p>La actividad industrial registr\u00f3 en noviembre una baja del 13,3% en relaci\u00f3n a igual per\u00edodo del a\u00f1o pasado, lo que la convierte en el mayor retroceso de los \u00faltimos a\u00f1os, inform\u00f3 este jueves el Instituto Nacional de Estad\u00edstica y Censos (Indec). La construcci\u00f3n tambi\u00e9n se desplom\u00f3. \u00a0El Indec se\u00f1al\u00f3 en un comunicado que el acumulado <a href=\"https:\/\/armstrongyregion.com.ar\/diario\/la-industria-tuvo-en-noviembre-la-peor-caida-de-los-ultimos-anos\/\" title=\"Read more\" >&#8230;<\/a><\/p>\n","protected":false},"author":1,"featured_media":7690,"comment_status":"open","ping_status":"open","sticky":false,"template":"","format":"standard","meta":{"_jetpack_memberships_contains_paid_content":false,"footnotes":"","jetpack_publicize_message":"","jetpack_publicize_feature_enabled":true,"jetpack_social_post_already_shared":false,"jetpack_social_options":{"image_generator_settings":{"template":"highway","default_image_id":0,"enabled":false},"version":2}},"categories":[1,2,7,3],"tags":[20,1593,19,1134,1603,388,13],"class_list":["post-19918","post","type-post","status-publish","format-standard","has-post-thumbnail","hentry","category-diario-armstrong","category-locales","category-politica","category-region","tag-armstrong","tag-caida","tag-de","tag-fuerte","tag-industria","tag-region-2","tag-y"],"jetpack_publicize_connections":[],"jetpack_featured_media_url":"https:\/\/armstrongyregion.com.ar\/diario\/wp-content\/uploads\/2016\/05\/industria.jpg_1572130063.jpg","jetpack_shortlink":"https:\/\/wp.me\/p62QDO-5bg","jetpack_sharing_enabled":true,"amp_enabled":true,"_links":{"self":[{"href":"https:\/\/armstrongyregion.com.ar\/diario\/wp-json\/wp\/v2\/posts\/19918","targetHints":{"allow":["GET"]}}],"collection":[{"href":"https:\/\/armstrongyregion.com.ar\/diario\/wp-json\/wp\/v2\/posts"}],"about":[{"href":"https:\/\/armstrongyregion.com.ar\/diario\/wp-json\/wp\/v2\/types\/post"}],"author":[{"embeddable":true,"href":"https:\/\/armstrongyregion.com.ar\/diario\/wp-json\/wp\/v2\/users\/1"}],"replies":[{"embeddable":true,"href":"https:\/\/armstrongyregion.com.ar\/diario\/wp-json\/wp\/v2\/comments?post=19918"}],"version-history":[{"count":0,"href":"https:\/\/armstrongyregion.com.ar\/diario\/wp-json\/wp\/v2\/posts\/19918\/revisions"}],"wp:featuredmedia":[{"embeddable":true,"href":"https:\/\/armstrongyregion.com.ar\/diario\/wp-json\/wp\/v2\/media\/7690"}],"wp:attachment":[{"href":"https:\/\/armstrongyregion.com.ar\/diario\/wp-json\/wp\/v2\/media?parent=19918"}],"wp:term":[{"taxonomy":"category","embeddable":true,"href":"https:\/\/armstrongyregion.com.ar\/diario\/wp-json\/wp\/v2\/categories?post=19918"},{"taxonomy":"post_tag","embeddable":true,"href":"https:\/\/armstrongyregion.com.ar\/diario\/wp-json\/wp\/v2\/tags?post=19918"}],"curies":[{"name":"wp","href":"https:\/\/api.w.org\/{rel}","templated":true}]}}