{"id":19916,"date":"2019-01-04T11:09:55","date_gmt":"2019-01-04T11:09:55","guid":{"rendered":"https:\/\/armstrongyregion.com.ar\/diario\/?p=19916"},"modified":"2019-01-04T11:09:55","modified_gmt":"2019-01-04T11:09:55","slug":"el-gas-no-quiere-quedarse-atras-aumentara-35-en-2019","status":"publish","type":"post","link":"https:\/\/armstrongyregion.com.ar\/diario\/el-gas-no-quiere-quedarse-atras-aumentara-35-en-2019\/","title":{"rendered":"El gas no quiere quedarse atr\u00e1s: aumentar\u00e1 35% en 2019."},"content":{"rendered":"<p><a href=\"http:\/\/armstrongyregion.com.ar\/diario\/wp-content\/uploads\/2018\/03\/Aumento-de-GAS-juanjo.jpg\"><img loading=\"lazy\" decoding=\"async\" class=\"alignnone size-full wp-image-16685\" src=\"http:\/\/armstrongyregion.com.ar\/diario\/wp-content\/uploads\/2018\/03\/Aumento-de-GAS-juanjo.jpg\" alt=\"Aumento-de-GAS-juanjo\" width=\"800\" height=\"600\" srcset=\"https:\/\/armstrongyregion.com.ar\/diario\/wp-content\/uploads\/2018\/03\/Aumento-de-GAS-juanjo.jpg 800w, https:\/\/armstrongyregion.com.ar\/diario\/wp-content\/uploads\/2018\/03\/Aumento-de-GAS-juanjo-300x225.jpg 300w\" sizes=\"auto, (max-width: 800px) 100vw, 800px\" \/><\/a>Luego de anunciar la suba de la tarifa de la luz de casi un 30%, ahora tambi\u00e9n advirtieron sobre el incremento del gas para todo el pa\u00eds. El mismo se aplicar\u00e1 desde abril.<\/p>\n<p>A los aumentos anunciados sobre transporte, peajes y energ\u00eda el\u00e9ctrica, ahora se suma la del servicio del gas que ser\u00e1 de un 35% desde abril y para todo el pa\u00eds.<\/p>\n<p>Si bien primero tiene que haber una audiencia p\u00fablica, desde el mercado aseguran que el aumento es un hecho.\u00a0El Gobierno espera que el cuadro tarifario tenga una \u00fanica actualizaci\u00f3n en 2019 y no dos como est\u00e1 previsto.<\/p>\n<p>De esta manera, las subas de tarifas quedar\u00e1n muy por encima de la\u00a0inflaci\u00f3n\u00a0proyectada para 2019 que seg\u00fan el propio Gobierno estima en 23%.<\/p>\n","protected":false},"excerpt":{"rendered":"<p>Luego de anunciar la suba de la tarifa de la luz de casi un 30%, ahora tambi\u00e9n advirtieron sobre el incremento del gas para todo el pa\u00eds. El mismo se aplicar\u00e1 desde abril. A los aumentos anunciados sobre transporte, peajes y energ\u00eda el\u00e9ctrica, ahora se suma la del servicio del gas que ser\u00e1 de un <a href=\"https:\/\/armstrongyregion.com.ar\/diario\/el-gas-no-quiere-quedarse-atras-aumentara-35-en-2019\/\" title=\"Read more\" >&#8230;<\/a><\/p>\n","protected":false},"author":1,"featured_media":16685,"comment_status":"open","ping_status":"open","sticky":false,"template":"","format":"standard","meta":{"_jetpack_memberships_contains_paid_content":false,"footnotes":"","jetpack_publicize_message":"","jetpack_publicize_feature_enabled":true,"jetpack_social_post_already_shared":false,"jetpack_social_options":{"image_generator_settings":{"template":"highway","default_image_id":0,"enabled":false},"version":2}},"categories":[8,1,2,7,3],"tags":[20,1234,3944,388,13],"class_list":["post-19916","post","type-post","status-publish","format-standard","has-post-thumbnail","hentry","category-deliberando","category-diario-armstrong","category-locales","category-politica","category-region","tag-armstrong","tag-aumento","tag-gas","tag-region-2","tag-y"],"jetpack_publicize_connections":[],"jetpack_featured_media_url":"https:\/\/armstrongyregion.com.ar\/diario\/wp-content\/uploads\/2018\/03\/Aumento-de-GAS-juanjo.jpg","jetpack_shortlink":"https:\/\/wp.me\/p62QDO-5be","jetpack_sharing_enabled":true,"amp_enabled":true,"_links":{"self":[{"href":"https:\/\/armstrongyregion.com.ar\/diario\/wp-json\/wp\/v2\/posts\/19916","targetHints":{"allow":["GET"]}}],"collection":[{"href":"https:\/\/armstrongyregion.com.ar\/diario\/wp-json\/wp\/v2\/posts"}],"about":[{"href":"https:\/\/armstrongyregion.com.ar\/diario\/wp-json\/wp\/v2\/types\/post"}],"author":[{"embeddable":true,"href":"https:\/\/armstrongyregion.com.ar\/diario\/wp-json\/wp\/v2\/users\/1"}],"replies":[{"embeddable":true,"href":"https:\/\/armstrongyregion.com.ar\/diario\/wp-json\/wp\/v2\/comments?post=19916"}],"version-history":[{"count":0,"href":"https:\/\/armstrongyregion.com.ar\/diario\/wp-json\/wp\/v2\/posts\/19916\/revisions"}],"wp:featuredmedia":[{"embeddable":true,"href":"https:\/\/armstrongyregion.com.ar\/diario\/wp-json\/wp\/v2\/media\/16685"}],"wp:attachment":[{"href":"https:\/\/armstrongyregion.com.ar\/diario\/wp-json\/wp\/v2\/media?parent=19916"}],"wp:term":[{"taxonomy":"category","embeddable":true,"href":"https:\/\/armstrongyregion.com.ar\/diario\/wp-json\/wp\/v2\/categories?post=19916"},{"taxonomy":"post_tag","embeddable":true,"href":"https:\/\/armstrongyregion.com.ar\/diario\/wp-json\/wp\/v2\/tags?post=19916"}],"curies":[{"name":"wp","href":"https:\/\/api.w.org\/{rel}","templated":true}]}}