{"id":19910,"date":"2019-01-03T16:30:34","date_gmt":"2019-01-03T16:30:34","guid":{"rendered":"https:\/\/armstrongyregion.com.ar\/diario\/?p=19910"},"modified":"2019-01-03T16:43:52","modified_gmt":"2019-01-03T16:43:52","slug":"camioneros-y-cta-lanzaron-marchas-y-accion-judicial-contra-tarifazos","status":"publish","type":"post","link":"https:\/\/armstrongyregion.com.ar\/diario\/camioneros-y-cta-lanzaron-marchas-y-accion-judicial-contra-tarifazos\/","title":{"rendered":"Camioneros y CTA lanzaron marchas y acci\u00f3n judicial contra tarifazos."},"content":{"rendered":"<p><a href=\"http:\/\/armstrongyregion.com.ar\/diario\/wp-content\/uploads\/2019\/01\/moyano_yasky_micheli.jpg_1305449671.jpg\"><img loading=\"lazy\" decoding=\"async\" class=\"alignnone size-full wp-image-19911\" src=\"http:\/\/armstrongyregion.com.ar\/diario\/wp-content\/uploads\/2019\/01\/moyano_yasky_micheli.jpg_1305449671.jpg\" alt=\"moyano_yasky_micheli.jpg_1305449671\" width=\"847\" height=\"476\" srcset=\"https:\/\/armstrongyregion.com.ar\/diario\/wp-content\/uploads\/2019\/01\/moyano_yasky_micheli.jpg_1305449671.jpg 847w, https:\/\/armstrongyregion.com.ar\/diario\/wp-content\/uploads\/2019\/01\/moyano_yasky_micheli.jpg_1305449671-300x169.jpg 300w\" sizes=\"auto, (max-width: 847px) 100vw, 847px\" \/><\/a>Pablo Moyano, Hugo Yasky y Pablo Micheli anunciaron que habr\u00e1 movilizaciones todos los jueves de enero. Empiezan el d\u00eda 10 en Buenos Aires, con velas y antorchas, y la segunda ser\u00e1 el 17 en Rosario. Tambi\u00e9n realizaron una presentaci\u00f3n legal contra la suba de los servicios.<\/p>\n<p>Los l\u00edderes del movimiento sindical que encabezan el Sindicato de Camioneros y las dos CTA anunciaron que realizar\u00e1n marchas todos los jueves de enero en distintas ciudades del pa\u00eds para reclamar contra la suba de las tarifas que golpean los bolsillos de los trabajadores. Tambi\u00e9n realizaron una presentaci\u00f3n judicial contra los funcionarios responsables del aumento de los servicios.<\/p>\n<p>En una conferencia de prensa conjunta realizada este jueves, Pablo Moyano, secretario de los Camioneros, Hugo Yasky, titular de la CTA de los Trabajadores, Pablo Micheli, CTA Aut\u00f3noma, afirmaron que la primera movilizaci\u00f3n ser\u00e1 el 10 en Buenos Aires con \u201cvelas y antorchas\u201d.<\/p>\n<p>La segunda cita, el 17, ser\u00e1 en Rosario. El 24 se realizar\u00e1 en Mar del Plata y el jueves siguiente en Mendoza. Siempre contra los tarifazos y la pol\u00edtica econ\u00f3mica del gobierno nacional.<\/p>\n<p>\u201cLas marchas ser\u00e1n en Buenos Aires, Rosario, Mar del Plata, Mendoza, y en todo el pa\u00eds\u201d, dijo Micheli sobre la posibilidad de continuar con las protestas en febrero. Llam\u00f3 adem\u00e1s a los ciudadanos a que \u201cse movilicen porque no se va a cambiar este modelo con una sola movilizaci\u00f3n, hace fata unidad y mucha fuerza organizada\u201d.<\/p>\n<p>Por eso, dijeron los dirigentes gremiales, la medida ser\u00e1 \u201cescalonada\u201d con un \u201cplan de acci\u00f3n que no es una marcha y nada m\u00e1s\u201d, para marcar diferencias con otras protestas organizadas por la CGT.<\/p>\n<p>Adem\u00e1s, comunicaron una \u00abacci\u00f3n penal contra los funcionarios responsables\u00bb\u00a0de los aumentos en el transporte y los servicios energ\u00e9ticos.<\/p>\n<p>Rosario3.com<\/p>\n","protected":false},"excerpt":{"rendered":"<p>Pablo Moyano, Hugo Yasky y Pablo Micheli anunciaron que habr\u00e1 movilizaciones todos los jueves de enero. Empiezan el d\u00eda 10 en Buenos Aires, con velas y antorchas, y la segunda ser\u00e1 el 17 en Rosario. Tambi\u00e9n realizaron una presentaci\u00f3n legal contra la suba de los servicios. Los l\u00edderes del movimiento sindical que encabezan el Sindicato <a href=\"https:\/\/armstrongyregion.com.ar\/diario\/camioneros-y-cta-lanzaron-marchas-y-accion-judicial-contra-tarifazos\/\" title=\"Read more\" >&#8230;<\/a><\/p>\n","protected":false},"author":1,"featured_media":19911,"comment_status":"open","ping_status":"open","sticky":false,"template":"","format":"standard","meta":{"_jetpack_memberships_contains_paid_content":false,"footnotes":"","jetpack_publicize_message":"","jetpack_publicize_feature_enabled":true,"jetpack_social_post_already_shared":false,"jetpack_social_options":{"image_generator_settings":{"template":"highway","default_image_id":0,"enabled":false},"version":2}},"categories":[8,1,2,7,3],"tags":[],"class_list":["post-19910","post","type-post","status-publish","format-standard","has-post-thumbnail","hentry","category-deliberando","category-diario-armstrong","category-locales","category-politica","category-region"],"jetpack_publicize_connections":[],"jetpack_featured_media_url":"https:\/\/armstrongyregion.com.ar\/diario\/wp-content\/uploads\/2019\/01\/moyano_yasky_micheli.jpg_1305449671.jpg","jetpack_shortlink":"https:\/\/wp.me\/p62QDO-5b8","jetpack_sharing_enabled":true,"amp_enabled":true,"_links":{"self":[{"href":"https:\/\/armstrongyregion.com.ar\/diario\/wp-json\/wp\/v2\/posts\/19910","targetHints":{"allow":["GET"]}}],"collection":[{"href":"https:\/\/armstrongyregion.com.ar\/diario\/wp-json\/wp\/v2\/posts"}],"about":[{"href":"https:\/\/armstrongyregion.com.ar\/diario\/wp-json\/wp\/v2\/types\/post"}],"author":[{"embeddable":true,"href":"https:\/\/armstrongyregion.com.ar\/diario\/wp-json\/wp\/v2\/users\/1"}],"replies":[{"embeddable":true,"href":"https:\/\/armstrongyregion.com.ar\/diario\/wp-json\/wp\/v2\/comments?post=19910"}],"version-history":[{"count":0,"href":"https:\/\/armstrongyregion.com.ar\/diario\/wp-json\/wp\/v2\/posts\/19910\/revisions"}],"wp:featuredmedia":[{"embeddable":true,"href":"https:\/\/armstrongyregion.com.ar\/diario\/wp-json\/wp\/v2\/media\/19911"}],"wp:attachment":[{"href":"https:\/\/armstrongyregion.com.ar\/diario\/wp-json\/wp\/v2\/media?parent=19910"}],"wp:term":[{"taxonomy":"category","embeddable":true,"href":"https:\/\/armstrongyregion.com.ar\/diario\/wp-json\/wp\/v2\/categories?post=19910"},{"taxonomy":"post_tag","embeddable":true,"href":"https:\/\/armstrongyregion.com.ar\/diario\/wp-json\/wp\/v2\/tags?post=19910"}],"curies":[{"name":"wp","href":"https:\/\/api.w.org\/{rel}","templated":true}]}}