{"id":19903,"date":"2019-01-03T15:31:21","date_gmt":"2019-01-03T15:31:21","guid":{"rendered":"https:\/\/armstrongyregion.com.ar\/diario\/?p=19903"},"modified":"2019-01-03T15:31:21","modified_gmt":"2019-01-03T15:31:21","slug":"armstrong-asumio-la-nueva-directora-del-samco-local","status":"publish","type":"post","link":"https:\/\/armstrongyregion.com.ar\/diario\/armstrong-asumio-la-nueva-directora-del-samco-local\/","title":{"rendered":"Armstrong. Asumi\u00f3 la nueva directora del SAMCo local."},"content":{"rendered":"<p><a href=\"http:\/\/armstrongyregion.com.ar\/diario\/wp-content\/uploads\/2019\/01\/Cargos-Barone-Baudino-.jpg\"><img loading=\"lazy\" decoding=\"async\" class=\"alignnone size-full wp-image-19904\" src=\"http:\/\/armstrongyregion.com.ar\/diario\/wp-content\/uploads\/2019\/01\/Cargos-Barone-Baudino-.jpg\" alt=\"Cargos-Barone-Baudino-\" width=\"960\" height=\"720\" srcset=\"https:\/\/armstrongyregion.com.ar\/diario\/wp-content\/uploads\/2019\/01\/Cargos-Barone-Baudino-.jpg 960w, https:\/\/armstrongyregion.com.ar\/diario\/wp-content\/uploads\/2019\/01\/Cargos-Barone-Baudino--300x225.jpg 300w\" sizes=\"auto, (max-width: 960px) 100vw, 960px\" \/><\/a>El pasado mi\u00e9rcoles 2 de enero, se realiz\u00f3 el cambio de autoridad en el SAMCo de Armstrong, con la presencia del intendente Dr. Pablo Verdecchia y Referentes de la Comisi\u00f3n de dicho nosocomio.<\/p>\n<p>La Dra. Veronica Barone deja el cargo en la direcci\u00f3n debido a que toma la Coordinaci\u00f3n de nodo para los departamentos de Iriondo y Belgrano, expresando estar muy contenta por la propuesta que le hizo la provincia.<\/p>\n<p>La nueva Directora Dra. Daniela Baudino, oriunda de Marcos Ju\u00e1rez, asegur\u00f3 que seguir\u00e1 gestionando de la misma forma que se ven\u00eda trabajando, priorizando la calidad de atenci\u00f3n y dijo que es un desaf\u00edo personal muy importante.<\/p>\n<p><a href=\"http:\/\/armstrongyregion.com.ar\/diario\/wp-content\/uploads\/2019\/01\/Cargos-Baudino-Barone-1-.jpg\"><img loading=\"lazy\" decoding=\"async\" class=\"alignnone size-full wp-image-19905\" src=\"http:\/\/armstrongyregion.com.ar\/diario\/wp-content\/uploads\/2019\/01\/Cargos-Baudino-Barone-1-.jpg\" alt=\"Cargos-Baudino-Barone-1-\" width=\"960\" height=\"720\" srcset=\"https:\/\/armstrongyregion.com.ar\/diario\/wp-content\/uploads\/2019\/01\/Cargos-Baudino-Barone-1-.jpg 960w, https:\/\/armstrongyregion.com.ar\/diario\/wp-content\/uploads\/2019\/01\/Cargos-Baudino-Barone-1--300x225.jpg 300w\" sizes=\"auto, (max-width: 960px) 100vw, 960px\" \/><\/a>Por su parte el Concejal y Pte de la Comision del SAMCo Carlos Cuffia inform\u00f3 que los proyectos que estaban en agenda continuaran vigentes, como es la ampliaci\u00f3n en cuanto a la estructura del centro de salud.<\/p>\n<p>Finalmente el intendente\u00a0 Verdecchia, le dio las felicitaciones correspondientes a ambas m\u00e9dicas y expres\u00f3 que la Dra. Baudino viene trabajando en el SUSAMCo y SAMCo desde hace varios a\u00f1os y seguir\u00e1n velando por la calidad de atenci\u00f3n de todos los armstronenses.<\/p>\n<p>&nbsp;<\/p>\n","protected":false},"excerpt":{"rendered":"<p>El pasado mi\u00e9rcoles 2 de enero, se realiz\u00f3 el cambio de autoridad en el SAMCo de Armstrong, con la presencia del intendente Dr. Pablo Verdecchia y Referentes de la Comisi\u00f3n de dicho nosocomio. La Dra. Veronica Barone deja el cargo en la direcci\u00f3n debido a que toma la Coordinaci\u00f3n de nodo para los departamentos de <a href=\"https:\/\/armstrongyregion.com.ar\/diario\/armstrong-asumio-la-nueva-directora-del-samco-local\/\" title=\"Read more\" >&#8230;<\/a><\/p>\n","protected":false},"author":1,"featured_media":19904,"comment_status":"open","ping_status":"open","sticky":false,"template":"","format":"standard","meta":{"_jetpack_memberships_contains_paid_content":false,"footnotes":"","jetpack_publicize_message":"","jetpack_publicize_feature_enabled":true,"jetpack_social_post_already_shared":false,"jetpack_social_options":{"image_generator_settings":{"template":"highway","default_image_id":0,"enabled":false},"version":2}},"categories":[8,1,2,7,4],"tags":[20,7463,16,15,275,388,54,13],"class_list":["post-19903","post","type-post","status-publish","format-standard","has-post-thumbnail","hentry","category-deliberando","category-diario-armstrong","category-locales","category-politica","category-prevencion-salud","tag-armstrong","tag-directrora","tag-el","tag-en","tag-nueva","tag-region-2","tag-samco","tag-y"],"jetpack_publicize_connections":[],"jetpack_featured_media_url":"https:\/\/armstrongyregion.com.ar\/diario\/wp-content\/uploads\/2019\/01\/Cargos-Barone-Baudino-.jpg","jetpack_shortlink":"https:\/\/wp.me\/p62QDO-5b1","jetpack_sharing_enabled":true,"amp_enabled":true,"_links":{"self":[{"href":"https:\/\/armstrongyregion.com.ar\/diario\/wp-json\/wp\/v2\/posts\/19903","targetHints":{"allow":["GET"]}}],"collection":[{"href":"https:\/\/armstrongyregion.com.ar\/diario\/wp-json\/wp\/v2\/posts"}],"about":[{"href":"https:\/\/armstrongyregion.com.ar\/diario\/wp-json\/wp\/v2\/types\/post"}],"author":[{"embeddable":true,"href":"https:\/\/armstrongyregion.com.ar\/diario\/wp-json\/wp\/v2\/users\/1"}],"replies":[{"embeddable":true,"href":"https:\/\/armstrongyregion.com.ar\/diario\/wp-json\/wp\/v2\/comments?post=19903"}],"version-history":[{"count":0,"href":"https:\/\/armstrongyregion.com.ar\/diario\/wp-json\/wp\/v2\/posts\/19903\/revisions"}],"wp:featuredmedia":[{"embeddable":true,"href":"https:\/\/armstrongyregion.com.ar\/diario\/wp-json\/wp\/v2\/media\/19904"}],"wp:attachment":[{"href":"https:\/\/armstrongyregion.com.ar\/diario\/wp-json\/wp\/v2\/media?parent=19903"}],"wp:term":[{"taxonomy":"category","embeddable":true,"href":"https:\/\/armstrongyregion.com.ar\/diario\/wp-json\/wp\/v2\/categories?post=19903"},{"taxonomy":"post_tag","embeddable":true,"href":"https:\/\/armstrongyregion.com.ar\/diario\/wp-json\/wp\/v2\/tags?post=19903"}],"curies":[{"name":"wp","href":"https:\/\/api.w.org\/{rel}","templated":true}]}}