{"id":199,"date":"2014-12-29T13:19:26","date_gmt":"2014-12-29T13:19:26","guid":{"rendered":"https:\/\/armstrongyregion.com.ar\/diario\/?p=199"},"modified":"2014-12-29T13:19:26","modified_gmt":"2014-12-29T13:19:26","slug":"las-parejas-ya-inicio-la-construccion-colectiva-de-su-plan-estrategico-al-2020","status":"publish","type":"post","link":"https:\/\/armstrongyregion.com.ar\/diario\/las-parejas-ya-inicio-la-construccion-colectiva-de-su-plan-estrategico-al-2020\/","title":{"rendered":"Las Parejas ya inicio la construcci\u00f3n colectiva de su plan estrat\u00e9gico al 2020."},"content":{"rendered":"<p><a href=\"http:\/\/armstrongyregion.com.ar\/diario\/wp-content\/uploads\/2014\/12\/plan-estrategico.jpg\"><img loading=\"lazy\" decoding=\"async\" class=\"alignnone size-medium wp-image-200\" src=\"http:\/\/armstrongyregion.com.ar\/diario\/wp-content\/uploads\/2014\/12\/plan-estrategico-300x162.jpg\" alt=\"plan estrategico\" width=\"300\" height=\"162\" srcset=\"https:\/\/armstrongyregion.com.ar\/diario\/wp-content\/uploads\/2014\/12\/plan-estrategico-300x162.jpg 300w, https:\/\/armstrongyregion.com.ar\/diario\/wp-content\/uploads\/2014\/12\/plan-estrategico.jpg 573w\" sizes=\"auto, (max-width: 300px) 100vw, 300px\" \/><\/a>El lunes 22 de diciembre el Intendente Mansilla present\u00f3 ante todas las fuerzas vivas de la ciudad, el Plan Estrat\u00e9gico LAS PAREJAS 2020, una construcci\u00f3n colectiva, de todos los parejenses, que se constituir\u00e1 como una gu\u00eda rectora que contin\u00fae proyectando la ciudad, con desarrollo local inclusivo y pol\u00edticas sustentables para la optimizaci\u00f3n del ordenamiento de su estructura urbana y el desarrollo territorial sostenible a mediano plazo. El acto cont\u00f3 con la presencia de todos los representantes de instituciones y fuerzas vivas de la ciudad, miembros del gabinete municipal, concejales, autoridades nacionales, medios de prensa, profesionales y p\u00fablico en general y se desarroll\u00f3 con un panel conformado por autoridades nacionales y locales. El Secretario de Industria y Desarrollo Econ\u00f3mico local, Fabi\u00e1n Mascheroni, explic\u00f3 a los presentes la metodolog\u00eda y los resultados de este trabajo, que se iniciar\u00e1 en Febrero de 2015 y tendr\u00e1 6 meses de duraci\u00f3n, de esta nueva herramienta de planificaci\u00f3n integrada y de consenso entre gobierno y poblaci\u00f3n local. Previo a sus palabras, el Intendente de la ciudad, Diego Mart\u00edn Mansilla agradeci\u00f3 a la Direcci\u00f3n Nacional de Pre inversi\u00f3n, dependiente de la Secretaria de Asuntos Municipales de la Naci\u00f3n \u2013 Ministerio del Interior y Transporte, por esta subvenci\u00f3n, que permitir\u00e1 que 9 profesionales parejenses interact\u00faen con el gobierno local y sus instituciones y sean parte de la confecci\u00f3n colectiva del plan estrat\u00e9gico. A su turno, el Director Nacional de Capacitaci\u00f3n Municipal, Ignacio Argonz destac\u00f3 la importancia que tendr\u00e1 para la ciudad, la construcci\u00f3n colectiva de este Plan y el Director Nacional de Preinversion Municipal Daniel Degiano, expres\u00f3 sentirse muy orgulloso de poder poner en marcha este Programa en la ciudad de Las Parejas, que es un ejemplo nacional, de fuerza productiva. Hoy Las Parejas, es una ciudad con una din\u00e1mica de crecimiento en obras y gestiones para mejorar la calidad de vida de sus habitantes, hacia el 2020, siendo ejemplo de ello la ADUANA, CIC, CEPLA, la FACULTAD DE INGENIERIA, los PLANES DE MEJORA DEL AREA INDUSTRIAL Y DE CAMINOS RURALES, la MUESTRA NACIONAL DE LA PYME AGROINDUSTRIAL y el programa de DIVERSIFICACION PRODUCTIVA encarado por la gesti\u00f3n local, siendo este importante crecimiento, el disparador que gener\u00f3 la necesidad actual de implementar este nuevo modelo de PLANIFICACI\u00d3N ESTRATEGICA Y POR ELLO LA GESTION e IMPLEMENTACION DE ESTE PROYECTO.<\/p>\n","protected":false},"excerpt":{"rendered":"<p>El lunes 22 de diciembre el Intendente Mansilla present\u00f3 ante todas las fuerzas vivas de la ciudad, el Plan Estrat\u00e9gico LAS PAREJAS 2020, una construcci\u00f3n colectiva, de todos los parejenses, que se constituir\u00e1 como una gu\u00eda rectora que contin\u00fae proyectando la ciudad, con desarrollo local inclusivo y pol\u00edticas sustentables para la optimizaci\u00f3n del ordenamiento de <a href=\"https:\/\/armstrongyregion.com.ar\/diario\/las-parejas-ya-inicio-la-construccion-colectiva-de-su-plan-estrategico-al-2020\/\" title=\"Read more\" >&#8230;<\/a><\/p>\n","protected":false},"author":2,"featured_media":200,"comment_status":"open","ping_status":"open","sticky":false,"template":"","format":"standard","meta":{"_jetpack_memberships_contains_paid_content":false,"footnotes":"","jetpack_publicize_message":"","jetpack_publicize_feature_enabled":true,"jetpack_social_post_already_shared":false,"jetpack_social_options":{"image_generator_settings":{"template":"highway","default_image_id":0,"enabled":false},"version":2}},"categories":[1,3],"tags":[180,179,176,175,19,178,174,31,23,24,177,35,173],"class_list":["post-199","post","type-post","status-publish","format-standard","has-post-thumbnail","hentry","category-diario-armstrong","category-region","tag-180","tag-al","tag-colectiva","tag-construccion","tag-de","tag-estrategico","tag-inicio","tag-la","tag-las","tag-parejas","tag-plan","tag-su","tag-ya"],"jetpack_publicize_connections":[],"jetpack_featured_media_url":"https:\/\/armstrongyregion.com.ar\/diario\/wp-content\/uploads\/2014\/12\/plan-estrategico.jpg","jetpack_shortlink":"https:\/\/wp.me\/p62QDO-3d","jetpack_sharing_enabled":true,"amp_enabled":true,"_links":{"self":[{"href":"https:\/\/armstrongyregion.com.ar\/diario\/wp-json\/wp\/v2\/posts\/199","targetHints":{"allow":["GET"]}}],"collection":[{"href":"https:\/\/armstrongyregion.com.ar\/diario\/wp-json\/wp\/v2\/posts"}],"about":[{"href":"https:\/\/armstrongyregion.com.ar\/diario\/wp-json\/wp\/v2\/types\/post"}],"author":[{"embeddable":true,"href":"https:\/\/armstrongyregion.com.ar\/diario\/wp-json\/wp\/v2\/users\/2"}],"replies":[{"embeddable":true,"href":"https:\/\/armstrongyregion.com.ar\/diario\/wp-json\/wp\/v2\/comments?post=199"}],"version-history":[{"count":0,"href":"https:\/\/armstrongyregion.com.ar\/diario\/wp-json\/wp\/v2\/posts\/199\/revisions"}],"wp:featuredmedia":[{"embeddable":true,"href":"https:\/\/armstrongyregion.com.ar\/diario\/wp-json\/wp\/v2\/media\/200"}],"wp:attachment":[{"href":"https:\/\/armstrongyregion.com.ar\/diario\/wp-json\/wp\/v2\/media?parent=199"}],"wp:term":[{"taxonomy":"category","embeddable":true,"href":"https:\/\/armstrongyregion.com.ar\/diario\/wp-json\/wp\/v2\/categories?post=199"},{"taxonomy":"post_tag","embeddable":true,"href":"https:\/\/armstrongyregion.com.ar\/diario\/wp-json\/wp\/v2\/tags?post=199"}],"curies":[{"name":"wp","href":"https:\/\/api.w.org\/{rel}","templated":true}]}}