{"id":19872,"date":"2018-12-30T23:15:41","date_gmt":"2018-12-30T23:15:41","guid":{"rendered":"https:\/\/armstrongyregion.com.ar\/diario\/?p=19872"},"modified":"2018-12-30T23:15:41","modified_gmt":"2018-12-30T23:15:41","slug":"pronostico-para-la-cena-del-31-yo-dejaria-la-mesa-adentro","status":"publish","type":"post","link":"https:\/\/armstrongyregion.com.ar\/diario\/pronostico-para-la-cena-del-31-yo-dejaria-la-mesa-adentro\/","title":{"rendered":"Pron\u00f3stico para la cena del 31: \u201cYo dejar\u00eda la mesa adentro\u201d."},"content":{"rendered":"<div id=\"attachment_19873\" style=\"width: 778px\" class=\"wp-caption alignnone\"><a href=\"http:\/\/armstrongyregion.com.ar\/diario\/wp-content\/uploads\/2018\/12\/mesa-a\u00f1o-nuevo-.jpg\"><img loading=\"lazy\" decoding=\"async\" aria-describedby=\"caption-attachment-19873\" class=\"size-full wp-image-19873\" src=\"http:\/\/armstrongyregion.com.ar\/diario\/wp-content\/uploads\/2018\/12\/mesa-a\u00f1o-nuevo-.jpg\" alt=\"47710823 - christmas table setting. holiday decorations\" width=\"768\" height=\"425\" srcset=\"https:\/\/armstrongyregion.com.ar\/diario\/wp-content\/uploads\/2018\/12\/mesa-a\u00f1o-nuevo-.jpg 768w, https:\/\/armstrongyregion.com.ar\/diario\/wp-content\/uploads\/2018\/12\/mesa-a\u00f1o-nuevo--300x166.jpg 300w\" sizes=\"auto, (max-width: 768px) 100vw, 768px\" \/><\/a><p id=\"caption-attachment-19873\" class=\"wp-caption-text\">47710823 &#8211; christmas table setting. holiday decorations<\/p><\/div>\n<p>El observador meteorol\u00f3gico Jorge Fusco advirti\u00f3 que la mejora\u00a0de\u00a0este domingo es s\u00f3lo un impasse\u00a0y que el \u00abcaldo\u00bb de humedad, calor y lluvias regresar\u00e1 el lunes. Lluvias fuertes para recibir el a\u00f1o.<\/p>\n<div>\n<p><strong>En la v\u00edspera de la cena de fin de a\u00f1o, la pregunta en torno a qu\u00e9 hacemos con la mesa, si adentro o afuera, se vuelve en un dilema casi vital<\/strong>. No es lo mismo comer un vitel ton\u00e9 encharcado o unos s\u00e1ndwiches\u00a0pasados de humedad que todo a punto.<\/p>\n<p><strong>Por eso, el observador meteorol\u00f3gico Jorge Fusco avis\u00f3: \u201cYo dejar\u00eda la mesa adentro\u201d.<\/strong><\/p>\n<p>En di\u00e1logo con\u00a0<em>Domingo para armar<\/em>\u00a0(Radio 2), el \u201cespecialista\u201d\u00a0<strong>advirti\u00f3 que las lluvias\u00a0volver\u00e1n \u201cen las primeras horas del martes\u201d. \u201cCerca de la una\u201d, precis\u00f3<\/strong>.<\/p>\n<p>En su pron\u00f3stico, Fusco explic\u00f3 que el frente fr\u00edo que ingres\u00f3 este domingo y que provoc\u00f3 tormentas\u00a0en Rosario y otros puntos del pa\u00eds, s\u00f3lo reportar\u00e1 una mejora moment\u00e1nea.<\/p>\n<p><strong>\u201cEs un impasse. Ma\u00f1ana vamos a tener otra calor y humedad, en una jornada muy parecida a la de ayer. Y a la tarde o noche volver\u00e1n las tormentas fuertes<\/strong>.\u00a0<strong>Para ser exactos, en las primeras horas del a\u00f1o\u201d, sostuvo.<\/strong><\/p>\n<p>Las condiciones de inestabilidad, humedad y calor se mantendr\u00e1n hasta el mi\u00e9rcoles\u00a0<strong>y \u201clas mejoras definitivas van a llegar el jueves\u201d.<\/strong><\/p>\n<p>\u201cEl ingreso de un frente fr\u00edo desde la Patagonia va a desalojar este\u00a0caldo que tenemos\u201d, apunt\u00f3 Fusco, al tiempo que adelant\u00f3\u00a0<strong>una temperatura m\u00ednima para este jueves\u00a0que rondar\u00eda los 13 grados.<\/strong><\/p>\n<p>Por su parte, el Servicio Meteorol\u00f3gico Nacional<a href=\"https:\/\/www.rosario3.com\/noticias\/Ceso-el-alerta-por-tormentas-fuertes-para-Rosario---20181230-0001.html\" target=\"_blank\">\u00a0anunci\u00f3 el cese del alerta meteorol\u00f3gico<\/a>\u00a0emitido para la regi\u00f3n para este domingo.<\/p>\n<\/div>\n<p>&nbsp;<\/p>\n<p>Rosario3.com<\/p>\n","protected":false},"excerpt":{"rendered":"<p>El observador meteorol\u00f3gico Jorge Fusco advirti\u00f3 que la mejora\u00a0de\u00a0este domingo es s\u00f3lo un impasse\u00a0y que el \u00abcaldo\u00bb de humedad, calor y lluvias regresar\u00e1 el lunes. Lluvias fuertes para recibir el a\u00f1o. En la v\u00edspera de la cena de fin de a\u00f1o, la pregunta en torno a qu\u00e9 hacemos con la mesa, si adentro o afuera, <a href=\"https:\/\/armstrongyregion.com.ar\/diario\/pronostico-para-la-cena-del-31-yo-dejaria-la-mesa-adentro\/\" title=\"Read more\" >&#8230;<\/a><\/p>\n","protected":false},"author":1,"featured_media":19873,"comment_status":"open","ping_status":"open","sticky":false,"template":"","format":"standard","meta":{"_jetpack_memberships_contains_paid_content":false,"footnotes":"","jetpack_publicize_message":"","jetpack_publicize_feature_enabled":true,"jetpack_social_post_already_shared":false,"jetpack_social_options":{"image_generator_settings":{"template":"highway","default_image_id":0,"enabled":false},"version":2}},"categories":[1,2,3],"tags":[2398,1001,19,233,2456],"class_list":["post-19872","post","type-post","status-publish","format-standard","has-post-thumbnail","hentry","category-diario-armstrong","category-locales","category-region","tag-2398","tag-cena","tag-de","tag-diciembre","tag-pronostico"],"jetpack_publicize_connections":[],"jetpack_featured_media_url":"https:\/\/armstrongyregion.com.ar\/diario\/wp-content\/uploads\/2018\/12\/mesa-a\u00f1o-nuevo-.jpg","jetpack_shortlink":"https:\/\/wp.me\/p62QDO-5aw","jetpack_sharing_enabled":true,"amp_enabled":true,"_links":{"self":[{"href":"https:\/\/armstrongyregion.com.ar\/diario\/wp-json\/wp\/v2\/posts\/19872","targetHints":{"allow":["GET"]}}],"collection":[{"href":"https:\/\/armstrongyregion.com.ar\/diario\/wp-json\/wp\/v2\/posts"}],"about":[{"href":"https:\/\/armstrongyregion.com.ar\/diario\/wp-json\/wp\/v2\/types\/post"}],"author":[{"embeddable":true,"href":"https:\/\/armstrongyregion.com.ar\/diario\/wp-json\/wp\/v2\/users\/1"}],"replies":[{"embeddable":true,"href":"https:\/\/armstrongyregion.com.ar\/diario\/wp-json\/wp\/v2\/comments?post=19872"}],"version-history":[{"count":0,"href":"https:\/\/armstrongyregion.com.ar\/diario\/wp-json\/wp\/v2\/posts\/19872\/revisions"}],"wp:featuredmedia":[{"embeddable":true,"href":"https:\/\/armstrongyregion.com.ar\/diario\/wp-json\/wp\/v2\/media\/19873"}],"wp:attachment":[{"href":"https:\/\/armstrongyregion.com.ar\/diario\/wp-json\/wp\/v2\/media?parent=19872"}],"wp:term":[{"taxonomy":"category","embeddable":true,"href":"https:\/\/armstrongyregion.com.ar\/diario\/wp-json\/wp\/v2\/categories?post=19872"},{"taxonomy":"post_tag","embeddable":true,"href":"https:\/\/armstrongyregion.com.ar\/diario\/wp-json\/wp\/v2\/tags?post=19872"}],"curies":[{"name":"wp","href":"https:\/\/api.w.org\/{rel}","templated":true}]}}