{"id":19865,"date":"2018-12-29T15:48:44","date_gmt":"2018-12-29T15:48:44","guid":{"rendered":"https:\/\/armstrongyregion.com.ar\/diario\/?p=19865"},"modified":"2018-12-29T15:48:44","modified_gmt":"2018-12-29T15:48:44","slug":"fito-rinaudo-vengo-a-ser-protagonista","status":"publish","type":"post","link":"https:\/\/armstrongyregion.com.ar\/diario\/fito-rinaudo-vengo-a-ser-protagonista\/","title":{"rendered":"Fito Rinaudo: \u00abVengo a ser protagonista\u00bb."},"content":{"rendered":"<p><a href=\"http:\/\/armstrongyregion.com.ar\/diario\/wp-content\/uploads\/2018\/12\/Fito-Rinaudo-.jpg\"><img loading=\"lazy\" decoding=\"async\" class=\"alignnone size-full wp-image-19866\" src=\"http:\/\/armstrongyregion.com.ar\/diario\/wp-content\/uploads\/2018\/12\/Fito-Rinaudo-.jpg\" alt=\"Fito-Rinaudo-\" width=\"768\" height=\"432\" srcset=\"https:\/\/armstrongyregion.com.ar\/diario\/wp-content\/uploads\/2018\/12\/Fito-Rinaudo-.jpg 768w, https:\/\/armstrongyregion.com.ar\/diario\/wp-content\/uploads\/2018\/12\/Fito-Rinaudo--300x169.jpg 300w\" sizes=\"auto, (max-width: 768px) 100vw, 768px\" \/><\/a>El flamante refuerzo canalla adem\u00e1s dijo: \u00abEspero adaptarme r\u00e1pido al grupo y al equipo\u00bb.<\/p>\n<p>Lo primero que hizo Fabi\u00e1n Rinaudo cuando agarr\u00f3 el micr\u00f3fono fue darle \u00ablas gracias al presi (Rodolfo Di Pollina) y a Mauro (Cetto, (director deportivo)\u00bb. Luego fue desmembrando sus primeras sensaciones como jugador canalla. \u00abDesde varios mercados ya me ven\u00eda buscando y sondeando\u00a0<a class=\"agrupador\" href=\"http:\/\/www.lacapital.com.ar\/central-a3675\" rel=\"3675\">Central<\/a>. Esta vez la historia fue otra. No fue f\u00e1cil mi salida de Gimnasia, pero se pudo dar. Es un nuevo desaf\u00edo y una nueva casa. Espero estar a la altura de todo Central, de todo este pueblo\u00bb, expres\u00f3 Fito a modo de pr\u00f3logo. Luego confes\u00f3: \u00abVengo a sumar y aportar lo m\u00edo. Lo m\u00e1s importante fue el inter\u00e9s del club. Fueron (los dirigentes) en busca de algo y lo consiguieron. Espero adaptarme lo m\u00e1s r\u00e1pido al grupo y al equipo. Vengo a ser protagonista\u00bb, sostuvo el volante, quien ayer firm\u00f3 contrato por los pr\u00f3ximos dos a\u00f1os y medio con la entidad auriazul y \u00aba\u00fan no habl\u00e9 con Bauza\u00bb.<\/p>\n<p>Lleg\u00f3 al Gigante de Arroyito pasada la media tarde y se atrincher\u00f3 r\u00e1pidamente en una oficina. Fito permaneci\u00f3 como una hora charlando sin pausa ni prisa con algunos directivos y empleados del club. Luego encabez\u00f3 la presentaci\u00f3n oficial, que muy fue breve.<\/p>\n<p>\u00abEl inter\u00e9s de un club despierta por s\u00ed solo un inter\u00e9s de uno mismo. Hace varios mercados que hab\u00eda un sondeo, pero este fue el m\u00e1s preciso y por eso estamos ac\u00e1. Fueron incisivos (dirigentes de Central), dijeron queremos a \u00e9ste y ac\u00e1 estamos\u00bb, desprendi\u00f3 con total honestidad Rinaudo en la improvisada rueda de prensa desarrollada en el sal\u00f3n Centenario del estadio mundialista.<\/p>\n<p>El experimentado mediocampista luego confes\u00f3 mirando firme que \u00abpor ah\u00ed jugar la Copa Libertadores era una cuenta pendiente que ten\u00eda a nivel personal. Hoy me traen para enfrentar este desaf\u00edo, que es muy grande a nivel deportivo y personal como tambi\u00e9n grupal e institucional\u00bb.<\/p>\n<p>Adem\u00e1s desliz\u00f3 sin dudar: \u00abVengo a ser protagonista. Sea en cada partido o entrenamiento. Espero aportar lo mejor para que hagamos una gran Superliga, una gran Copa (Libertadores) y todas las copas que juguemos. Simplemente, vengo a aportar lo m\u00edo. Puede ser mucho o poco, pero siempre dar\u00e9 el ciento por ciento\u00bb.<\/p>\n<p>Claro que su arribo no fue casual en este mercado de pases. El hecho de que Central jugar\u00e1 la pr\u00f3xima edici\u00f3n de la Libertadores fue el principal motivo por el cual no dud\u00f3 en esta oportunidad de cambiar de ciudad. De hecho, el propio jugador as\u00ed lo afirm\u00f3 sin ponerse colorado.<\/p>\n<p>\u00abS\u00ed, no es un detalle menor que el club donde uno va vaya a jugar una Copa Libertadores, que era una cuenta pendiente en mi carrera. No fue un factor determinante, pero s\u00ed importante para tomar la decisi\u00f3n (de sumarse a Central)\u00bb, acot\u00f3 Rinaudo mientras luc\u00eda pl\u00e1cidamente la camiseta alternativa canalla y estaba flanqueado por el Colo Cetto a la derecha y el presidente Rodolfo Di Pollina a la izquierda.<\/p>\n<p>Fito argument\u00f3 que lleg\u00f3 a Arroyito para ser protagonista. Lleg\u00f3 para jugar, claro est\u00e1. Pero por el momento no la tendr\u00e1 f\u00e1cil porque en el esquema t\u00e1ctico por el momento figuran como piezas claves e inamovibles el Colorado Gil y N\u00e9stor Ortigoza. A simple vista, no la tendr\u00e1 sencillo para vestirse de titular.<\/p>\n<p>No obstante, para el volante de 31 a\u00f1os ese no es un escollo. \u00abSinceramente no voy hablar de d\u00f3nde o qu\u00e9 posiciones tendr\u00e9 a la hora de jugar. Vengo a sumar, esa es la verdad. En Gimnasia jugu\u00e9 de l\u00edbero y de zaguero central y es algo que en mi cabeza nunca estuvo. Pero lo hice. Y ac\u00e1, si me toca hacerlo, jugar\u00e9 en cualquier posici\u00f3n\u00bb, argument\u00f3.<\/p>\n<p>Consultado sobre lo que represent\u00f3 a nivel personal que el club haya logrado salir campe\u00f3n despu\u00e9s de casi 32 a\u00f1os al conseguir la Copa Argentina en Mendoza ante Gimnasia, el mediocampista dijo que \u00abesto va m\u00e1s all\u00e1 de eso. Es importante haber conseguido un t\u00edtulo por todo lo implica y seguramente la mochila se habr\u00e1 descargado mucho en ese aspecto. Claro que para m\u00ed tambi\u00e9n representa algo porque no es lo mismo venir a una instituci\u00f3n que acaba de lograr un campeonato que hacerlo en una que tiene la enorme presi\u00f3n de hacerlo. Eso a veces implica que aumente el peso en la mochila del jugador\u00bb.<\/p>\n<p>Y acot\u00f3: \u00abDe por s\u00ed s\u00f3lo este club tiene un peso, que es jugar en este estadio con tanta gente y pasi\u00f3n. Sumado a eso ten\u00eda el peso de que hac\u00eda varios a\u00f1os que no ganaba nada. Por eso este t\u00edtulo fue como una gran descarga para todos\u00bb.<\/p>\n<p>El historial de Rinaudo marca que tuvo un paso fugaz por las divisiones inferiores de Central. Fue en 2002. Luego termin\u00f3 emigrando del club como otras tantas promesas en la actualidad por varios motivos, algunos de ellos pocos claros. Anoche el jugador hizo referencia a ese corto per\u00edodo que luci\u00f3 la casaca canalla, como adem\u00e1s a esta chance de volver al pago con un respetuoso recorrido en el profesionalismo. \u00abEst\u00e1bamos con mi hermano en la pensi\u00f3n y luego me toc\u00f3 irme. En ese momento pens\u00e9 que ya estaba eso de llegar a la primera divisi\u00f3n. Pero luego apareci\u00f3 otra experiencia\u00bb, comenz\u00f3 relatando Fito con cierta nostalgia.<\/p>\n<p>\u00abA lo largo de mi carrera no pensaba en volver, salvo cuando comenzaron a realizar en los \u00faltimos mercados algunos sondeos. Es que era como que ya hab\u00eda pasado esa etapa. Hab\u00eda quedado ah\u00ed, como algo negativo. Pero m\u00e1s all\u00e1 de eso, estoy contento con esta chance y el inter\u00e9s del club\u00bb, sostuvo el volante a modo de conclusi\u00f3n.<\/p>\n<p>Fuente: La Capital.Com<\/p>\n","protected":false},"excerpt":{"rendered":"<p>El flamante refuerzo canalla adem\u00e1s dijo: \u00abEspero adaptarme r\u00e1pido al grupo y al equipo\u00bb. Lo primero que hizo Fabi\u00e1n Rinaudo cuando agarr\u00f3 el micr\u00f3fono fue darle \u00ablas gracias al presi (Rodolfo Di Pollina) y a Mauro (Cetto, (director deportivo)\u00bb. Luego fue desmembrando sus primeras sensaciones como jugador canalla. \u00abDesde varios mercados ya me ven\u00eda buscando <a href=\"https:\/\/armstrongyregion.com.ar\/diario\/fito-rinaudo-vengo-a-ser-protagonista\/\" title=\"Read more\" >&#8230;<\/a><\/p>\n","protected":false},"author":1,"featured_media":19866,"comment_status":"open","ping_status":"open","sticky":false,"template":"","format":"standard","meta":{"_jetpack_memberships_contains_paid_content":false,"footnotes":"","jetpack_publicize_message":"","jetpack_publicize_feature_enabled":true,"jetpack_social_post_already_shared":false,"jetpack_social_options":{"image_generator_settings":{"template":"highway","default_image_id":0,"enabled":false},"version":2}},"categories":[8,5,1,2,3],"tags":[7451],"class_list":["post-19865","post","type-post","status-publish","format-standard","has-post-thumbnail","hentry","category-deliberando","category-deportes","category-diario-armstrong","category-locales","category-region","tag-fabian-rinaudo"],"jetpack_publicize_connections":[],"jetpack_featured_media_url":"https:\/\/armstrongyregion.com.ar\/diario\/wp-content\/uploads\/2018\/12\/Fito-Rinaudo-.jpg","jetpack_shortlink":"https:\/\/wp.me\/p62QDO-5ap","jetpack_sharing_enabled":true,"amp_enabled":true,"_links":{"self":[{"href":"https:\/\/armstrongyregion.com.ar\/diario\/wp-json\/wp\/v2\/posts\/19865","targetHints":{"allow":["GET"]}}],"collection":[{"href":"https:\/\/armstrongyregion.com.ar\/diario\/wp-json\/wp\/v2\/posts"}],"about":[{"href":"https:\/\/armstrongyregion.com.ar\/diario\/wp-json\/wp\/v2\/types\/post"}],"author":[{"embeddable":true,"href":"https:\/\/armstrongyregion.com.ar\/diario\/wp-json\/wp\/v2\/users\/1"}],"replies":[{"embeddable":true,"href":"https:\/\/armstrongyregion.com.ar\/diario\/wp-json\/wp\/v2\/comments?post=19865"}],"version-history":[{"count":0,"href":"https:\/\/armstrongyregion.com.ar\/diario\/wp-json\/wp\/v2\/posts\/19865\/revisions"}],"wp:featuredmedia":[{"embeddable":true,"href":"https:\/\/armstrongyregion.com.ar\/diario\/wp-json\/wp\/v2\/media\/19866"}],"wp:attachment":[{"href":"https:\/\/armstrongyregion.com.ar\/diario\/wp-json\/wp\/v2\/media?parent=19865"}],"wp:term":[{"taxonomy":"category","embeddable":true,"href":"https:\/\/armstrongyregion.com.ar\/diario\/wp-json\/wp\/v2\/categories?post=19865"},{"taxonomy":"post_tag","embeddable":true,"href":"https:\/\/armstrongyregion.com.ar\/diario\/wp-json\/wp\/v2\/tags?post=19865"}],"curies":[{"name":"wp","href":"https:\/\/api.w.org\/{rel}","templated":true}]}}