{"id":1984,"date":"2015-05-02T00:31:05","date_gmt":"2015-05-02T00:31:05","guid":{"rendered":"https:\/\/armstrongyregion.com.ar\/diario\/?p=1984"},"modified":"2015-05-02T00:31:05","modified_gmt":"2015-05-02T00:31:05","slug":"alerta-por-fuertes-tormentas","status":"publish","type":"post","link":"https:\/\/armstrongyregion.com.ar\/diario\/alerta-por-fuertes-tormentas\/","title":{"rendered":"Alerta por fuertes tormentas."},"content":{"rendered":"<p><a href=\"http:\/\/armstrongyregion.com.ar\/diario\/wp-content\/uploads\/2015\/05\/alerta-meteorologica.jpg\"><img loading=\"lazy\" decoding=\"async\" src=\"http:\/\/armstrongyregion.com.ar\/diario\/wp-content\/uploads\/2015\/05\/alerta-meteorologica.jpg\" alt=\"alerta meteorologica\" width=\"300\" height=\"168\" class=\"alignnone size-full wp-image-1985\" \/><\/a>El Servicio Meteorol\u00f3gico Nacional emiti\u00f3 un alerta por tormentas fuertes en la ciudad de Buenos Aires, La Plata y las provincias de Buenos Aires, C\u00f3rdoba, centro y sur de Entre R\u00edos y Santa Fe, La Pampa y San Luis que ocurrir\u00e1n entre hoy y ma\u00f1ana.<\/p>\n<p>El SMN precis\u00f3 que esas \u00e1reas estar\u00e1n afectadas por tormentas en lo que resta del dia y al menos hasta la tarde de ma\u00f1ana, y que algunas pueden ser localmente fuertes o severas.<\/p>\n<p>Tambi\u00e9n pueden estar acompa\u00f1adas de una fuerte actividad el\u00e9ctrica, abundante caida de agua en cortos periodos de tiempo, r\u00e1fagas intensas de viento y caida de granizo.<\/p>\n<p>El organismo asegur\u00f3 que los lugares en donde mas se intensificar\u00e1 este fen\u00f3meno ser\u00e1 en las localidades de General Lopez, Santa Fe; Marcos Ju\u00e1rez, Presidente Roque Sa\u00e9nz Pe\u00f1a y Uni\u00f3n, en C\u00f3rdoba y en los departamentos bonaerenses de Col\u00f3n, General Arenales y Leandro N. Alem.<\/p>\n<p>Telam.<\/p>\n","protected":false},"excerpt":{"rendered":"<p>El Servicio Meteorol\u00f3gico Nacional emiti\u00f3 un alerta por tormentas fuertes en la ciudad de Buenos Aires, La Plata y las provincias de Buenos Aires, C\u00f3rdoba, centro y sur de Entre R\u00edos y Santa Fe, La Pampa y San Luis que ocurrir\u00e1n entre hoy y ma\u00f1ana. El SMN precis\u00f3 que esas \u00e1reas estar\u00e1n afectadas por tormentas <a href=\"https:\/\/armstrongyregion.com.ar\/diario\/alerta-por-fuertes-tormentas\/\" title=\"Read more\" >&#8230;<\/a><\/p>\n","protected":false},"author":2,"featured_media":1985,"comment_status":"open","ping_status":"open","sticky":false,"template":"","format":"standard","meta":{"_jetpack_memberships_contains_paid_content":false,"footnotes":"","jetpack_publicize_message":"","jetpack_publicize_feature_enabled":true,"jetpack_social_post_already_shared":false,"jetpack_social_options":{"image_generator_settings":{"template":"highway","default_image_id":0,"enabled":false},"version":2}},"categories":[1,2],"tags":[230,1417,60,417],"class_list":["post-1984","post","type-post","status-publish","format-standard","has-post-thumbnail","hentry","category-diario-armstrong","category-locales","tag-alerta","tag-fuertes","tag-por","tag-tormentas"],"jetpack_publicize_connections":[],"jetpack_featured_media_url":"https:\/\/armstrongyregion.com.ar\/diario\/wp-content\/uploads\/2015\/05\/alerta-meteorologica.jpg","jetpack_shortlink":"https:\/\/wp.me\/p62QDO-w0","jetpack_sharing_enabled":true,"amp_enabled":true,"_links":{"self":[{"href":"https:\/\/armstrongyregion.com.ar\/diario\/wp-json\/wp\/v2\/posts\/1984","targetHints":{"allow":["GET"]}}],"collection":[{"href":"https:\/\/armstrongyregion.com.ar\/diario\/wp-json\/wp\/v2\/posts"}],"about":[{"href":"https:\/\/armstrongyregion.com.ar\/diario\/wp-json\/wp\/v2\/types\/post"}],"author":[{"embeddable":true,"href":"https:\/\/armstrongyregion.com.ar\/diario\/wp-json\/wp\/v2\/users\/2"}],"replies":[{"embeddable":true,"href":"https:\/\/armstrongyregion.com.ar\/diario\/wp-json\/wp\/v2\/comments?post=1984"}],"version-history":[{"count":0,"href":"https:\/\/armstrongyregion.com.ar\/diario\/wp-json\/wp\/v2\/posts\/1984\/revisions"}],"wp:featuredmedia":[{"embeddable":true,"href":"https:\/\/armstrongyregion.com.ar\/diario\/wp-json\/wp\/v2\/media\/1985"}],"wp:attachment":[{"href":"https:\/\/armstrongyregion.com.ar\/diario\/wp-json\/wp\/v2\/media?parent=1984"}],"wp:term":[{"taxonomy":"category","embeddable":true,"href":"https:\/\/armstrongyregion.com.ar\/diario\/wp-json\/wp\/v2\/categories?post=1984"},{"taxonomy":"post_tag","embeddable":true,"href":"https:\/\/armstrongyregion.com.ar\/diario\/wp-json\/wp\/v2\/tags?post=1984"}],"curies":[{"name":"wp","href":"https:\/\/api.w.org\/{rel}","templated":true}]}}