{"id":19812,"date":"2018-12-21T13:48:26","date_gmt":"2018-12-21T13:48:26","guid":{"rendered":"https:\/\/armstrongyregion.com.ar\/diario\/?p=19812"},"modified":"2018-12-21T13:48:26","modified_gmt":"2018-12-21T13:48:26","slug":"el-ano-2019-tendra-14-dias-feriados-mas-cuatro-puente","status":"publish","type":"post","link":"https:\/\/armstrongyregion.com.ar\/diario\/el-ano-2019-tendra-14-dias-feriados-mas-cuatro-puente\/","title":{"rendered":"El a\u00f1o 2019 tendr\u00e1 14 d\u00edas feriados m\u00e1s cuatro \u00abpuente\u00bb."},"content":{"rendered":"<p><a href=\"http:\/\/armstrongyregion.com.ar\/diario\/wp-content\/uploads\/2018\/12\/Calendario-.jpg\"><img loading=\"lazy\" decoding=\"async\" class=\"alignnone size-full wp-image-19813\" src=\"http:\/\/armstrongyregion.com.ar\/diario\/wp-content\/uploads\/2018\/12\/Calendario-.jpg\" alt=\"Calendario-\" width=\"642\" height=\"361\" srcset=\"https:\/\/armstrongyregion.com.ar\/diario\/wp-content\/uploads\/2018\/12\/Calendario-.jpg 642w, https:\/\/armstrongyregion.com.ar\/diario\/wp-content\/uploads\/2018\/12\/Calendario--300x169.jpg 300w\" sizes=\"auto, (max-width: 642px) 100vw, 642px\" \/><\/a>El 1\u00ba de enero inicia los feriados, que continuar\u00e1n el 4 y 5 de marzo, lunes y martes de Carnaval, y el domingo 24, D\u00eda Nacional de la Memoria.<\/p>\n<p align=\"justify\">El 1\u00ba de enero inicia los feriados, que continuar\u00e1n el 4 y 5 de marzo, lunes y martes de Carnaval, y el domingo 24, D\u00eda Nacional de la Memoria.<\/p>\n<p align=\"justify\">Le seguir\u00e1n el martes 2 de abril, D\u00eda del Veterano de Malvinas, y el 19, que es Viernes Santo.<\/p>\n<p align=\"justify\">En mayo ser\u00e1n feriados el mi\u00e9rcoles 1\u00ba D\u00eda del Trabajador y el 25, de la Revoluci\u00f3n de Mayo que cae s\u00e1bado.<\/p>\n<p align=\"justify\">El lunes 17 de junio se recordar\u00e1 al General G\u00fcemes y el jueves 20 de junio aniversario de la muerte de Belgrano.<\/p>\n<p align=\"justify\">Julio tendr\u00e1 un feriado puente: el lunes 8, previo al D\u00eda de la Independencia, que cae martes.<\/p>\n<p align=\"justify\">Y el 17 de agosto, que cae s\u00e1bado y conmemora el aniversario de la muerte del general San Mart\u00edn, se pasar\u00e1 al lunes 19.<\/p>\n<p align=\"justify\">El 12 de octubre, D\u00eda del Respeto a la Diversidad Cultural, cae s\u00e1bado y se pasa al lunes 14.<\/p>\n<p align=\"justify\">El \u00fanico feriado de noviembre ser\u00e1 el lunes 18, D\u00eda de la Soberan\u00eda Nacional, y el a\u00f1o cerrar\u00e1 con el 8 que cae domingo y el 25 de diciembre que ser\u00e1 mi\u00e9rcoles.<\/p>\n<p align=\"justify\">La Capital.com.ar<\/p>\n","protected":false},"excerpt":{"rendered":"<p>El 1\u00ba de enero inicia los feriados, que continuar\u00e1n el 4 y 5 de marzo, lunes y martes de Carnaval, y el domingo 24, D\u00eda Nacional de la Memoria. El 1\u00ba de enero inicia los feriados, que continuar\u00e1n el 4 y 5 de marzo, lunes y martes de Carnaval, y el domingo 24, D\u00eda Nacional <a href=\"https:\/\/armstrongyregion.com.ar\/diario\/el-ano-2019-tendra-14-dias-feriados-mas-cuatro-puente\/\" title=\"Read more\" >&#8230;<\/a><\/p>\n","protected":false},"author":1,"featured_media":19813,"comment_status":"open","ping_status":"open","sticky":false,"template":"","format":"standard","meta":{"_jetpack_memberships_contains_paid_content":false,"footnotes":"","jetpack_publicize_message":"","jetpack_publicize_feature_enabled":true,"jetpack_social_post_already_shared":false,"jetpack_social_options":{"image_generator_settings":{"template":"highway","default_image_id":0,"enabled":false},"version":2}},"categories":[8,1,2,3],"tags":[7446],"class_list":["post-19812","post","type-post","status-publish","format-standard","has-post-thumbnail","hentry","category-deliberando","category-diario-armstrong","category-locales","category-region","tag-el-ano-2019-tendra-14-dias-feriados-mas-cuatro-puente"],"jetpack_publicize_connections":[],"jetpack_featured_media_url":"https:\/\/armstrongyregion.com.ar\/diario\/wp-content\/uploads\/2018\/12\/Calendario-.jpg","jetpack_shortlink":"https:\/\/wp.me\/p62QDO-59y","jetpack_sharing_enabled":true,"amp_enabled":true,"_links":{"self":[{"href":"https:\/\/armstrongyregion.com.ar\/diario\/wp-json\/wp\/v2\/posts\/19812","targetHints":{"allow":["GET"]}}],"collection":[{"href":"https:\/\/armstrongyregion.com.ar\/diario\/wp-json\/wp\/v2\/posts"}],"about":[{"href":"https:\/\/armstrongyregion.com.ar\/diario\/wp-json\/wp\/v2\/types\/post"}],"author":[{"embeddable":true,"href":"https:\/\/armstrongyregion.com.ar\/diario\/wp-json\/wp\/v2\/users\/1"}],"replies":[{"embeddable":true,"href":"https:\/\/armstrongyregion.com.ar\/diario\/wp-json\/wp\/v2\/comments?post=19812"}],"version-history":[{"count":0,"href":"https:\/\/armstrongyregion.com.ar\/diario\/wp-json\/wp\/v2\/posts\/19812\/revisions"}],"wp:featuredmedia":[{"embeddable":true,"href":"https:\/\/armstrongyregion.com.ar\/diario\/wp-json\/wp\/v2\/media\/19813"}],"wp:attachment":[{"href":"https:\/\/armstrongyregion.com.ar\/diario\/wp-json\/wp\/v2\/media?parent=19812"}],"wp:term":[{"taxonomy":"category","embeddable":true,"href":"https:\/\/armstrongyregion.com.ar\/diario\/wp-json\/wp\/v2\/categories?post=19812"},{"taxonomy":"post_tag","embeddable":true,"href":"https:\/\/armstrongyregion.com.ar\/diario\/wp-json\/wp\/v2\/tags?post=19812"}],"curies":[{"name":"wp","href":"https:\/\/api.w.org\/{rel}","templated":true}]}}