{"id":19788,"date":"2018-12-19T13:52:55","date_gmt":"2018-12-19T13:52:55","guid":{"rendered":"https:\/\/armstrongyregion.com.ar\/diario\/?p=19788"},"modified":"2018-12-19T13:52:55","modified_gmt":"2018-12-19T13:52:55","slug":"solis-aprobamos-un-presupuesto-de-crecimiento-que-apuesta-a-la-obra-publica","status":"publish","type":"post","link":"https:\/\/armstrongyregion.com.ar\/diario\/solis-aprobamos-un-presupuesto-de-crecimiento-que-apuesta-a-la-obra-publica\/","title":{"rendered":"Sol\u00eds: \u201cAprobamos un presupuesto de crecimiento, que apuesta a la obra p\u00fablica\u201d."},"content":{"rendered":"<p><a href=\"http:\/\/armstrongyregion.com.ar\/diario\/wp-content\/uploads\/2018\/11\/Solis.Nov-18.jpg\"><img loading=\"lazy\" decoding=\"async\" class=\"alignnone size-full wp-image-19403\" src=\"http:\/\/armstrongyregion.com.ar\/diario\/wp-content\/uploads\/2018\/11\/Solis.Nov-18.jpg\" alt=\"Solis.Nov-18\" width=\"960\" height=\"720\" srcset=\"https:\/\/armstrongyregion.com.ar\/diario\/wp-content\/uploads\/2018\/11\/Solis.Nov-18.jpg 960w, https:\/\/armstrongyregion.com.ar\/diario\/wp-content\/uploads\/2018\/11\/Solis.Nov-18-300x225.jpg 300w\" sizes=\"auto, (max-width: 960px) 100vw, 960px\" \/><\/a> La Legislatura santafesina aprob\u00f3 esta semana el presupuesto 2019, que contempla un fuerte aumento de los recursos destinados a obra p\u00fablica y \u00e1reas sociales. Se estima que Santa Fe tendr\u00e1 el a\u00f1o que viene recursos corrientes por 267.000 millones de pesos y gastos corrientes por 234.000 millones de pesos, de lo que se desprende un ahorro de casi 33.000 millones de pesos.<\/p>\n<p>El diputado Miguel Sol\u00eds (PS), uno de los legisladores que acompa\u00f1\u00f3 el proyecto, analiz\u00f3: <em>\u201cEste es un presupuesto de crecimiento y no de ajuste, vamos a darle a Santa Fe una herramienta para que siga desarroll\u00e1ndose<\/em>\u201d.<\/p>\n<p>En relaci\u00f3n a los recursos destinados a obra p\u00fablica, Sol\u00eds sostuvo: <em>\u201cEntendemos que de la grave crisis que vive el pa\u00eds la \u00fanica manera que tenemos de salir adelante es apostando a la obra p\u00fablica como generadora de empleo para que no caiga la mano de obra. Estamos contentos porque le damos al gobierno provincial una herramienta para que siga trabajando en seguridad, salud, educaci\u00f3n y contenci\u00f3n social\u201d.<\/em><\/p>\n<p>En relaci\u00f3n a este \u00faltimo punto, Sol\u00eds record\u00f3 que durante los \u00faltimos d\u00edas se difundi\u00f3 el informe de la Universidad Cat\u00f3lica de Argentina que indica que la pobreza lleg\u00f3 en Argentina al 33,6 por ciento. <em>\u201cFrente a un pa\u00eds que est\u00e1 retrocediendo porque el gobierno nacional no ha cumplido ni una sola promesa, en Santa Fe tenemos que estar contentos porque contamos con una provincia bien administrada que tambi\u00e9n pone el acento en el desarrollo social\u201d,<\/em> dijo.<\/p>\n<p>Finalmente, destac\u00f3 que durante 2019 los municipios y comunas del departamento Belgrano continuar\u00e1n siendo beneficiados con obras vinculadas a vivienda, edificios educativos, pavimento, bacheo y ampliaci\u00f3n de servicios<em>. \u201cEste a\u00f1o la regi\u00f3n se vio beneficiada por obras y servicios que hace a\u00f1os no se ve\u00edan, gestionadas a trav\u00e9s de mi labor como legislador y esta tarea va a seguir\u201d,<\/em> cerr\u00f3.<\/p>\n","protected":false},"excerpt":{"rendered":"<p>La Legislatura santafesina aprob\u00f3 esta semana el presupuesto 2019, que contempla un fuerte aumento de los recursos destinados a obra p\u00fablica y \u00e1reas sociales. Se estima que Santa Fe tendr\u00e1 el a\u00f1o que viene recursos corrientes por 267.000 millones de pesos y gastos corrientes por 234.000 millones de pesos, de lo que se desprende un <a href=\"https:\/\/armstrongyregion.com.ar\/diario\/solis-aprobamos-un-presupuesto-de-crecimiento-que-apuesta-a-la-obra-publica\/\" title=\"Read more\" >&#8230;<\/a><\/p>\n","protected":false},"author":1,"featured_media":19403,"comment_status":"open","ping_status":"open","sticky":false,"template":"","format":"standard","meta":{"_jetpack_memberships_contains_paid_content":false,"footnotes":"","jetpack_publicize_message":"","jetpack_publicize_feature_enabled":true,"jetpack_social_post_already_shared":false,"jetpack_social_options":{"image_generator_settings":{"template":"highway","default_image_id":0,"enabled":false},"version":2}},"categories":[8,1,2,7,3],"tags":[7439,7438],"class_list":["post-19788","post","type-post","status-publish","format-standard","has-post-thumbnail","hentry","category-deliberando","category-diario-armstrong","category-locales","category-politica","category-region","tag-que-apuesta-a-la-obra-publica","tag-solis-aprobamos-un-presupuesto-de-crecimiento"],"jetpack_publicize_connections":[],"jetpack_featured_media_url":"https:\/\/armstrongyregion.com.ar\/diario\/wp-content\/uploads\/2018\/11\/Solis.Nov-18.jpg","jetpack_shortlink":"https:\/\/wp.me\/p62QDO-59a","jetpack_sharing_enabled":true,"amp_enabled":true,"_links":{"self":[{"href":"https:\/\/armstrongyregion.com.ar\/diario\/wp-json\/wp\/v2\/posts\/19788","targetHints":{"allow":["GET"]}}],"collection":[{"href":"https:\/\/armstrongyregion.com.ar\/diario\/wp-json\/wp\/v2\/posts"}],"about":[{"href":"https:\/\/armstrongyregion.com.ar\/diario\/wp-json\/wp\/v2\/types\/post"}],"author":[{"embeddable":true,"href":"https:\/\/armstrongyregion.com.ar\/diario\/wp-json\/wp\/v2\/users\/1"}],"replies":[{"embeddable":true,"href":"https:\/\/armstrongyregion.com.ar\/diario\/wp-json\/wp\/v2\/comments?post=19788"}],"version-history":[{"count":0,"href":"https:\/\/armstrongyregion.com.ar\/diario\/wp-json\/wp\/v2\/posts\/19788\/revisions"}],"wp:featuredmedia":[{"embeddable":true,"href":"https:\/\/armstrongyregion.com.ar\/diario\/wp-json\/wp\/v2\/media\/19403"}],"wp:attachment":[{"href":"https:\/\/armstrongyregion.com.ar\/diario\/wp-json\/wp\/v2\/media?parent=19788"}],"wp:term":[{"taxonomy":"category","embeddable":true,"href":"https:\/\/armstrongyregion.com.ar\/diario\/wp-json\/wp\/v2\/categories?post=19788"},{"taxonomy":"post_tag","embeddable":true,"href":"https:\/\/armstrongyregion.com.ar\/diario\/wp-json\/wp\/v2\/tags?post=19788"}],"curies":[{"name":"wp","href":"https:\/\/api.w.org\/{rel}","templated":true}]}}