{"id":19774,"date":"2018-12-18T19:42:04","date_gmt":"2018-12-18T19:42:04","guid":{"rendered":"https:\/\/armstrongyregion.com.ar\/diario\/?p=19774"},"modified":"2018-12-18T19:42:04","modified_gmt":"2018-12-18T19:42:04","slug":"la-provincia-confirmo-el-cronograma-electoral-2019","status":"publish","type":"post","link":"https:\/\/armstrongyregion.com.ar\/diario\/la-provincia-confirmo-el-cronograma-electoral-2019\/","title":{"rendered":"La Provincia confirm\u00f3 el cronograma electoral 2019."},"content":{"rendered":"<p><a href=\"http:\/\/armstrongyregion.com.ar\/diario\/wp-content\/uploads\/2015\/11\/elecciones.jpg\"><img loading=\"lazy\" decoding=\"async\" class=\"alignnone size-full wp-image-5154\" src=\"http:\/\/armstrongyregion.com.ar\/diario\/wp-content\/uploads\/2015\/11\/elecciones.jpg\" alt=\"elecciones\" width=\"292\" height=\"173\" \/><\/a>El gobierno provincial, a trav\u00e9s del decreto N\u00ba 3961, convoc\u00f3 a\u00a0<strong>comicios generales<\/strong>\u00a0para el\u00a0<strong>16 de junio de 2019<\/strong>.\u00a0En esa fecha se elegir\u00e1 qui\u00e9nes ocupar\u00e1n cargos provinciales, municipales y comunales.<\/p>\n<p>Adem\u00e1s, se convoca al electorado de la provincia a\u00a0<strong>comicios primarios, abiertos, simult\u00e1neos y obligatorios (PASO)<\/strong>\u00a0para el d\u00eda\u00a0<strong>28 de abril de 2019<\/strong>. Este lunes por la ma\u00f1ana,\u00a0<em>Aire de Santa Fe<\/em>\u00a0hab\u00eda anticipado en exclusivo el cronograma electoral que el gobierno confirm\u00f3 esta tarde.<\/p>\n","protected":false},"excerpt":{"rendered":"<p>El gobierno provincial, a trav\u00e9s del decreto N\u00ba 3961, convoc\u00f3 a\u00a0comicios generales\u00a0para el\u00a016 de junio de 2019.\u00a0En esa fecha se elegir\u00e1 qui\u00e9nes ocupar\u00e1n cargos provinciales, municipales y comunales. Adem\u00e1s, se convoca al electorado de la provincia a\u00a0comicios primarios, abiertos, simult\u00e1neos y obligatorios (PASO)\u00a0para el d\u00eda\u00a028 de abril de 2019. Este lunes por la ma\u00f1ana,\u00a0Aire de <a href=\"https:\/\/armstrongyregion.com.ar\/diario\/la-provincia-confirmo-el-cronograma-electoral-2019\/\" title=\"Read more\" >&#8230;<\/a><\/p>\n","protected":false},"author":1,"featured_media":5154,"comment_status":"open","ping_status":"open","sticky":false,"template":"","format":"standard","meta":{"_jetpack_memberships_contains_paid_content":false,"footnotes":"","jetpack_publicize_message":"","jetpack_publicize_feature_enabled":true,"jetpack_social_post_already_shared":false,"jetpack_social_options":{"image_generator_settings":{"template":"highway","default_image_id":0,"enabled":false},"version":2}},"categories":[8,1,2,7,3],"tags":[7434],"class_list":["post-19774","post","type-post","status-publish","format-standard","has-post-thumbnail","hentry","category-deliberando","category-diario-armstrong","category-locales","category-politica","category-region","tag-la-provincia-confirmo-el-cronograma-electoral-2019"],"jetpack_publicize_connections":[],"jetpack_featured_media_url":"https:\/\/armstrongyregion.com.ar\/diario\/wp-content\/uploads\/2015\/11\/elecciones.jpg","jetpack_shortlink":"https:\/\/wp.me\/p62QDO-58W","jetpack_sharing_enabled":true,"amp_enabled":true,"_links":{"self":[{"href":"https:\/\/armstrongyregion.com.ar\/diario\/wp-json\/wp\/v2\/posts\/19774","targetHints":{"allow":["GET"]}}],"collection":[{"href":"https:\/\/armstrongyregion.com.ar\/diario\/wp-json\/wp\/v2\/posts"}],"about":[{"href":"https:\/\/armstrongyregion.com.ar\/diario\/wp-json\/wp\/v2\/types\/post"}],"author":[{"embeddable":true,"href":"https:\/\/armstrongyregion.com.ar\/diario\/wp-json\/wp\/v2\/users\/1"}],"replies":[{"embeddable":true,"href":"https:\/\/armstrongyregion.com.ar\/diario\/wp-json\/wp\/v2\/comments?post=19774"}],"version-history":[{"count":0,"href":"https:\/\/armstrongyregion.com.ar\/diario\/wp-json\/wp\/v2\/posts\/19774\/revisions"}],"wp:featuredmedia":[{"embeddable":true,"href":"https:\/\/armstrongyregion.com.ar\/diario\/wp-json\/wp\/v2\/media\/5154"}],"wp:attachment":[{"href":"https:\/\/armstrongyregion.com.ar\/diario\/wp-json\/wp\/v2\/media?parent=19774"}],"wp:term":[{"taxonomy":"category","embeddable":true,"href":"https:\/\/armstrongyregion.com.ar\/diario\/wp-json\/wp\/v2\/categories?post=19774"},{"taxonomy":"post_tag","embeddable":true,"href":"https:\/\/armstrongyregion.com.ar\/diario\/wp-json\/wp\/v2\/tags?post=19774"}],"curies":[{"name":"wp","href":"https:\/\/api.w.org\/{rel}","templated":true}]}}