{"id":19763,"date":"2018-12-17T03:12:48","date_gmt":"2018-12-17T03:12:48","guid":{"rendered":"https:\/\/armstrongyregion.com.ar\/diario\/?p=19763"},"modified":"2018-12-17T03:12:48","modified_gmt":"2018-12-17T03:12:48","slug":"nativitas-significado-e-invitacion-a-la-celebracion-por-silvia-poeta","status":"publish","type":"post","link":"https:\/\/armstrongyregion.com.ar\/diario\/nativitas-significado-e-invitacion-a-la-celebracion-por-silvia-poeta\/","title":{"rendered":"\u00abNativitas\u00bb  Significado e invitaci\u00f3n a la Celebraci\u00f3n. Por Silvia Poeta."},"content":{"rendered":"<p><a href=\"http:\/\/armstrongyregion.com.ar\/diario\/wp-content\/uploads\/2018\/12\/Silvia-Poeta-Nativitas-celebracion-.jpg\"><img loading=\"lazy\" decoding=\"async\" class=\"alignnone size-full wp-image-19764\" src=\"http:\/\/armstrongyregion.com.ar\/diario\/wp-content\/uploads\/2018\/12\/Silvia-Poeta-Nativitas-celebracion-.jpg\" alt=\"Silvia-Poeta-Nativitas-celebracion-\" width=\"768\" height=\"576\" srcset=\"https:\/\/armstrongyregion.com.ar\/diario\/wp-content\/uploads\/2018\/12\/Silvia-Poeta-Nativitas-celebracion-.jpg 768w, https:\/\/armstrongyregion.com.ar\/diario\/wp-content\/uploads\/2018\/12\/Silvia-Poeta-Nativitas-celebracion--300x225.jpg 300w\" sizes=\"auto, (max-width: 768px) 100vw, 768px\" \/><\/a>\u00abEl \u00e1ngel Nativitas desciende al planeta tierra el 21 o 22 de diciembre, coincidiendo con el d\u00eda del Solsticio de invierno del Hemisferio Norte y solsticio de verano en el Hemisferio Sur\u00bb.<\/p>\n<p>Silvia Poeta, indic\u00f3 que el \u00e1ngel es una energ\u00eda ang\u00e9lica que se expresa como una estrella de nueve puntas que emite radiaciones de colores verde, blanca y rojo-naranja. Este \u00e1ngel desciende al planeta tierra el 21 o 22 de diciembre, coincidiendo con el d\u00eda del Solsticio de invierno del Hemisferio Norte y solsticio de verano en el Hemisferio Sur.<\/p>\n<p>La reikista, resalt\u00f3 que el \u00c1ngel Nativitas tiene la misi\u00f3n de llevar a todos su mensaje, que es \u00a1DAR!. De ah\u00ed proviene la tradici\u00f3n de hacer la famosa \u201cCarta de peticiones para Nativitas\u201d, en donde se escribe los buenos deseos que uno quiere pedir.<\/p>\n<p>\u201cNativitas trae a las fiestas navide\u00f1as el amor, paz, uni\u00f3n, alegr\u00eda, fraternidad, prosperidad y bienestar espiritual a toda la humanidad, llenando la casa de energ\u00eda\u201d detall\u00f3 Silvia Poeta.<\/p>\n<p>Finalmente, la invitada de \u00abPrevenci\u00f3n y Salud\u00bb recomend\u00f3 \u201cla fecha en que se recibe al \u00c1ngel Nativitas es cada 21 de diciembre, d\u00eda en que se reciben bendiciones especiales y es por ello que debemos estar atentos para invocarlas y recibirlas\u201d.<\/p>\n<p>\u00bfC\u00f3mo debemos prepararnos para recibir al \u00c1ngel?<\/p>\n<p>En lo posible vestidos de blanco. Silvia Poeta a trav\u00e9s del Programa Televisivo \u00abPrevenci\u00f3n y Salud\u00bb hizo una invitaci\u00f3n a toda la comunidad para el pr\u00f3ximo viernes 21 de diciembre, a las 21hs en el Sal\u00f3n Delmo Dar\u00f3, para la celebraci\u00f3n anual de NATIVITAS. Tambi\u00e9n remarc\u00f3 que hay que reservar lugar al tel\u00e9fono: 3471-529630-<\/p>\n<p>Fuente: Programa Televisivo: Prevencion y Salud.<\/p>\n<p>Silvia Poeta.<\/p>\n<p>Estreno D\u00eda Lunes 17 de diciembre a las 13,30hs. Reiteraciones Jueves 20hs y sabados 12,30hs.<\/p>\n","protected":false},"excerpt":{"rendered":"<p>\u00abEl \u00e1ngel Nativitas desciende al planeta tierra el 21 o 22 de diciembre, coincidiendo con el d\u00eda del Solsticio de invierno del Hemisferio Norte y solsticio de verano en el Hemisferio Sur\u00bb. Silvia Poeta, indic\u00f3 que el \u00e1ngel es una energ\u00eda ang\u00e9lica que se expresa como una estrella de nueve puntas que emite radiaciones de <a href=\"https:\/\/armstrongyregion.com.ar\/diario\/nativitas-significado-e-invitacion-a-la-celebracion-por-silvia-poeta\/\" title=\"Read more\" >&#8230;<\/a><\/p>\n","protected":false},"author":1,"featured_media":19764,"comment_status":"open","ping_status":"open","sticky":false,"template":"","format":"standard","meta":{"_jetpack_memberships_contains_paid_content":false,"footnotes":"","jetpack_publicize_message":"","jetpack_publicize_feature_enabled":true,"jetpack_social_post_already_shared":false,"jetpack_social_options":{"image_generator_settings":{"template":"highway","default_image_id":0,"enabled":false},"version":2}},"categories":[1,2,4,3],"tags":[7430],"class_list":["post-19763","post","type-post","status-publish","format-standard","has-post-thumbnail","hentry","category-diario-armstrong","category-locales","category-prevencion-salud","category-region","tag-nativitas-significado-e-invitacion-a-la-celebracion-por-silvia-poeta"],"jetpack_publicize_connections":[],"jetpack_featured_media_url":"https:\/\/armstrongyregion.com.ar\/diario\/wp-content\/uploads\/2018\/12\/Silvia-Poeta-Nativitas-celebracion-.jpg","jetpack_shortlink":"https:\/\/wp.me\/p62QDO-58L","jetpack_sharing_enabled":true,"amp_enabled":true,"_links":{"self":[{"href":"https:\/\/armstrongyregion.com.ar\/diario\/wp-json\/wp\/v2\/posts\/19763","targetHints":{"allow":["GET"]}}],"collection":[{"href":"https:\/\/armstrongyregion.com.ar\/diario\/wp-json\/wp\/v2\/posts"}],"about":[{"href":"https:\/\/armstrongyregion.com.ar\/diario\/wp-json\/wp\/v2\/types\/post"}],"author":[{"embeddable":true,"href":"https:\/\/armstrongyregion.com.ar\/diario\/wp-json\/wp\/v2\/users\/1"}],"replies":[{"embeddable":true,"href":"https:\/\/armstrongyregion.com.ar\/diario\/wp-json\/wp\/v2\/comments?post=19763"}],"version-history":[{"count":0,"href":"https:\/\/armstrongyregion.com.ar\/diario\/wp-json\/wp\/v2\/posts\/19763\/revisions"}],"wp:featuredmedia":[{"embeddable":true,"href":"https:\/\/armstrongyregion.com.ar\/diario\/wp-json\/wp\/v2\/media\/19764"}],"wp:attachment":[{"href":"https:\/\/armstrongyregion.com.ar\/diario\/wp-json\/wp\/v2\/media?parent=19763"}],"wp:term":[{"taxonomy":"category","embeddable":true,"href":"https:\/\/armstrongyregion.com.ar\/diario\/wp-json\/wp\/v2\/categories?post=19763"},{"taxonomy":"post_tag","embeddable":true,"href":"https:\/\/armstrongyregion.com.ar\/diario\/wp-json\/wp\/v2\/tags?post=19763"}],"curies":[{"name":"wp","href":"https:\/\/api.w.org\/{rel}","templated":true}]}}