{"id":19761,"date":"2018-12-17T02:36:12","date_gmt":"2018-12-17T02:36:12","guid":{"rendered":"https:\/\/armstrongyregion.com.ar\/diario\/?p=19761"},"modified":"2018-12-17T02:36:12","modified_gmt":"2018-12-17T02:36:12","slug":"se-volvio-a-renovar-el-alerta-meteorologico-para-armstrong-y-la-region","status":"publish","type":"post","link":"https:\/\/armstrongyregion.com.ar\/diario\/se-volvio-a-renovar-el-alerta-meteorologico-para-armstrong-y-la-region\/","title":{"rendered":"Se volvi\u00f3 a renovar el Alerta Meteorol\u00f3gico para Armstrong y la Region."},"content":{"rendered":"<p><a href=\"http:\/\/armstrongyregion.com.ar\/diario\/wp-content\/uploads\/2017\/02\/alerta21-.jpg\"><img loading=\"lazy\" decoding=\"async\" class=\"alignnone size-full wp-image-11837\" src=\"http:\/\/armstrongyregion.com.ar\/diario\/wp-content\/uploads\/2017\/02\/alerta21-.jpg\" alt=\"alerta21-\" width=\"768\" height=\"461\" srcset=\"https:\/\/armstrongyregion.com.ar\/diario\/wp-content\/uploads\/2017\/02\/alerta21-.jpg 768w, https:\/\/armstrongyregion.com.ar\/diario\/wp-content\/uploads\/2017\/02\/alerta21--300x180.jpg 300w\" sizes=\"auto, (max-width: 768px) 100vw, 768px\" \/><\/a>El domingo transcurr\u00eda indeciso en el cielo de Armstrong, con ratos de sol, momentos nublados y hasta alg\u00fan chaparr\u00f3n. En ese contexto,\u00a0<strong>el Servicio Meteorol\u00f3gico Nacional (SMN) renov\u00f3 por la tarde un alerta por tormentas sobre la regi\u00f3n<\/strong>.<\/p>\n<p>El parte emitido a las 17.30 afectaba al\u00a0<strong>sur y centro de Santa Fe<\/strong>, al este de C\u00f3rdoba y a toda Entre R\u00edos. \u201cSobre el \u00e1rea de cobertura prevalece una masa de aire h\u00fameda e inestable por lo que se espera que la regi\u00f3n sea afectada por lluvias y tormentas aisladas\u201d, avisa el SMN.<\/p>\n<p>Los eventuales fen\u00f3menos \u201cpodr\u00edan ser localmente fuertes y provocar\u00a0<strong>fuerte actividad el\u00e9ctrica, abundante ca\u00edda de agua en cortos periodos, r\u00e1fagas y ocasional ca\u00edda de granizo<\/strong>\u201d, detalla.<\/p>\n<p>&nbsp;<\/p>\n","protected":false},"excerpt":{"rendered":"<p>El domingo transcurr\u00eda indeciso en el cielo de Armstrong, con ratos de sol, momentos nublados y hasta alg\u00fan chaparr\u00f3n. En ese contexto,\u00a0el Servicio Meteorol\u00f3gico Nacional (SMN) renov\u00f3 por la tarde un alerta por tormentas sobre la regi\u00f3n. El parte emitido a las 17.30 afectaba al\u00a0sur y centro de Santa Fe, al este de C\u00f3rdoba y <a href=\"https:\/\/armstrongyregion.com.ar\/diario\/se-volvio-a-renovar-el-alerta-meteorologico-para-armstrong-y-la-region\/\" title=\"Read more\" >&#8230;<\/a><\/p>\n","protected":false},"author":1,"featured_media":11765,"comment_status":"open","ping_status":"open","sticky":false,"template":"","format":"standard","meta":{"_jetpack_memberships_contains_paid_content":false,"footnotes":"","jetpack_publicize_message":"","jetpack_publicize_feature_enabled":true,"jetpack_social_post_already_shared":false,"jetpack_social_options":{"image_generator_settings":{"template":"highway","default_image_id":0,"enabled":false},"version":2}},"categories":[1,2,3],"tags":[7429],"class_list":["post-19761","post","type-post","status-publish","format-standard","has-post-thumbnail","hentry","category-diario-armstrong","category-locales","category-region","tag-se-volvio-a-renovar-el-alerta-meteorologico-para-armstrong-y-la-region"],"jetpack_publicize_connections":[],"jetpack_featured_media_url":"https:\/\/armstrongyregion.com.ar\/diario\/wp-content\/uploads\/2017\/02\/alertameteorologoico04012016.jpg","jetpack_shortlink":"https:\/\/wp.me\/p62QDO-58J","jetpack_sharing_enabled":true,"amp_enabled":true,"_links":{"self":[{"href":"https:\/\/armstrongyregion.com.ar\/diario\/wp-json\/wp\/v2\/posts\/19761","targetHints":{"allow":["GET"]}}],"collection":[{"href":"https:\/\/armstrongyregion.com.ar\/diario\/wp-json\/wp\/v2\/posts"}],"about":[{"href":"https:\/\/armstrongyregion.com.ar\/diario\/wp-json\/wp\/v2\/types\/post"}],"author":[{"embeddable":true,"href":"https:\/\/armstrongyregion.com.ar\/diario\/wp-json\/wp\/v2\/users\/1"}],"replies":[{"embeddable":true,"href":"https:\/\/armstrongyregion.com.ar\/diario\/wp-json\/wp\/v2\/comments?post=19761"}],"version-history":[{"count":0,"href":"https:\/\/armstrongyregion.com.ar\/diario\/wp-json\/wp\/v2\/posts\/19761\/revisions"}],"wp:featuredmedia":[{"embeddable":true,"href":"https:\/\/armstrongyregion.com.ar\/diario\/wp-json\/wp\/v2\/media\/11765"}],"wp:attachment":[{"href":"https:\/\/armstrongyregion.com.ar\/diario\/wp-json\/wp\/v2\/media?parent=19761"}],"wp:term":[{"taxonomy":"category","embeddable":true,"href":"https:\/\/armstrongyregion.com.ar\/diario\/wp-json\/wp\/v2\/categories?post=19761"},{"taxonomy":"post_tag","embeddable":true,"href":"https:\/\/armstrongyregion.com.ar\/diario\/wp-json\/wp\/v2\/tags?post=19761"}],"curies":[{"name":"wp","href":"https:\/\/api.w.org\/{rel}","templated":true}]}}