{"id":19722,"date":"2018-12-10T12:39:31","date_gmt":"2018-12-10T12:39:31","guid":{"rendered":"https:\/\/armstrongyregion.com.ar\/diario\/?p=19722"},"modified":"2018-12-10T12:39:31","modified_gmt":"2018-12-10T12:39:31","slug":"comienza-este-lunes-10-la-fiesta-de-los-pueblos-2018-el-martes-sera-en-tortugas","status":"publish","type":"post","link":"https:\/\/armstrongyregion.com.ar\/diario\/comienza-este-lunes-10-la-fiesta-de-los-pueblos-2018-el-martes-sera-en-tortugas\/","title":{"rendered":"Comienza este lunes 10 la Fiesta de los Pueblos 2018. El martes ser\u00e1 en Tortugas."},"content":{"rendered":"<p><a href=\"http:\/\/armstrongyregion.com.ar\/diario\/wp-content\/uploads\/2018\/12\/Danzas-giaccone-.jpg\"><img loading=\"lazy\" decoding=\"async\" class=\"alignnone size-full wp-image-19723\" src=\"http:\/\/armstrongyregion.com.ar\/diario\/wp-content\/uploads\/2018\/12\/Danzas-giaccone-.jpg\" alt=\"Danzas-giaccone-\" width=\"768\" height=\"524\" srcset=\"https:\/\/armstrongyregion.com.ar\/diario\/wp-content\/uploads\/2018\/12\/Danzas-giaccone-.jpg 768w, https:\/\/armstrongyregion.com.ar\/diario\/wp-content\/uploads\/2018\/12\/Danzas-giaccone--300x205.jpg 300w\" sizes=\"auto, (max-width: 768px) 100vw, 768px\" \/><\/a>Con motivo del 10\u00b0 aniversario del Ente Cultural Santafesino, la \u00abFiesta de los Pueblos\u00bb llegar\u00e1 a distintos puntos de la provincia reconociendo la labor de los distintos participantes.<\/p>\n<p>Con la realizaci\u00f3n de siete jornadas y contando con el auspicio y acompa\u00f1amiento de la\u00a0Diputada Provincial Claudia Giaccone\u00a0el Equipo Directivo se dispone a desarrollar el repaso y distinci\u00f3n a la labor de los distintos participantes y sus programas ejecutados durante el corriente a\u00f1o dentro de este trabajo; participativo y pluralista integrado por m\u00e1s de 120 comunidades santafesinas.<\/p>\n<p>Este\u00a0martes 11\u00a0a partir de las\u00a019hs\u00a0en las instalaciones del\u00a0Sal\u00f3n Comunal de Cultura\u00a0(Rivadavia 211) de\u00a0Tortugas;\u00a0todas las comunidades que integran a la\u00a0Usina I\u00a0llegar\u00e1n a recibir su reconocimiento y vivir un repaso del\u00a0 trabajo realizado durante el corriente a\u00f1o.<\/p>\n<p>La\u00a0\u201cFiesta de los Pueblos\u201d\u00a0es el encuentro de la cultura santafesina gestada desde el interior, la cual tiene como objetivo primordial, difundir y promover el quehacer cultural de los pueblos y ciudades de la provincia de Santa Fe, permitiendo la entrega de las producciones y reconocimientos de los distintos Programas Culturales, entre los que se destacan:\u00a0\u201cForma y Color\u201d,\u00a0 \u201cDe Pueblo en Pueblo\u201d, \u201cClave de Cuento\u201d, \u201cHacelo Corto\u201d, \u201cOjos de Santa Fe\u201d,\u201dAmbito C\u201d,\u201dFrancotrinadores Santafesinos\u201d, \u201cCoolTURA\u201d, \u201cLos Caminos del Acorde\u00f3n 2&#8243;, \u201cTorneo Provincial de Bolitas\u201d, \u201cCompartiendo Cultura\u201d y la entrega del Premio Provincial Julio Migno.<\/p>\n<p>Las sedes para esta nueva impronta de la\u00a0\u201cFiesta de los Pueblos 2018\u201dser\u00e1n:<\/p>\n<p>Lunes 10: Acebal &#8211; Usina III<\/p>\n<p>Martes 11: Tortugas &#8211; Usina I<\/p>\n<p>Mi\u00e9rcoles 12: Ramona &#8211; Usina II<\/p>\n<p>Jueves 13: Tostado &#8211; Usina VI<\/p>\n<p>Viernes 14: Villa Trinidad &#8211; Usina V<\/p>\n<p>Domingo 16: Coronda &#8211; Usina IV<\/p>\n<p>Domingo 23: Reconquista &#8211; Usina VII<\/p>\n<p>Espect\u00e1culos, Muestras y la presencia de representantes culturales santafesinos dir\u00e1n presentes para el desarrollo de un cierre de a\u00f1o que quedar\u00e1 marcado en las matrices de este espacio cultural, cooperativo, pluralista y federal santafesino.<\/p>\n","protected":false},"excerpt":{"rendered":"<p>Con motivo del 10\u00b0 aniversario del Ente Cultural Santafesino, la \u00abFiesta de los Pueblos\u00bb llegar\u00e1 a distintos puntos de la provincia reconociendo la labor de los distintos participantes. Con la realizaci\u00f3n de siete jornadas y contando con el auspicio y acompa\u00f1amiento de la\u00a0Diputada Provincial Claudia Giaccone\u00a0el Equipo Directivo se dispone a desarrollar el repaso y <a href=\"https:\/\/armstrongyregion.com.ar\/diario\/comienza-este-lunes-10-la-fiesta-de-los-pueblos-2018-el-martes-sera-en-tortugas\/\" title=\"Read more\" >&#8230;<\/a><\/p>\n","protected":false},"author":1,"featured_media":19723,"comment_status":"open","ping_status":"open","sticky":false,"template":"","format":"standard","meta":{"_jetpack_memberships_contains_paid_content":false,"footnotes":"","jetpack_publicize_message":"","jetpack_publicize_feature_enabled":true,"jetpack_social_post_already_shared":false,"jetpack_social_options":{"image_generator_settings":{"template":"highway","default_image_id":0,"enabled":false},"version":2}},"categories":[6,8,1,3],"tags":[7419],"class_list":["post-19722","post","type-post","status-publish","format-standard","has-post-thumbnail","hentry","category-cultura-entretenimiento","category-deliberando","category-diario-armstrong","category-region","tag-comienza-este-lunes-10-la-fiesta-de-los-pueblos-2018-el-martes-sera-en-tortugas"],"jetpack_publicize_connections":[],"jetpack_featured_media_url":"https:\/\/armstrongyregion.com.ar\/diario\/wp-content\/uploads\/2018\/12\/Danzas-giaccone-.jpg","jetpack_shortlink":"https:\/\/wp.me\/p62QDO-586","jetpack_sharing_enabled":true,"amp_enabled":true,"_links":{"self":[{"href":"https:\/\/armstrongyregion.com.ar\/diario\/wp-json\/wp\/v2\/posts\/19722","targetHints":{"allow":["GET"]}}],"collection":[{"href":"https:\/\/armstrongyregion.com.ar\/diario\/wp-json\/wp\/v2\/posts"}],"about":[{"href":"https:\/\/armstrongyregion.com.ar\/diario\/wp-json\/wp\/v2\/types\/post"}],"author":[{"embeddable":true,"href":"https:\/\/armstrongyregion.com.ar\/diario\/wp-json\/wp\/v2\/users\/1"}],"replies":[{"embeddable":true,"href":"https:\/\/armstrongyregion.com.ar\/diario\/wp-json\/wp\/v2\/comments?post=19722"}],"version-history":[{"count":0,"href":"https:\/\/armstrongyregion.com.ar\/diario\/wp-json\/wp\/v2\/posts\/19722\/revisions"}],"wp:featuredmedia":[{"embeddable":true,"href":"https:\/\/armstrongyregion.com.ar\/diario\/wp-json\/wp\/v2\/media\/19723"}],"wp:attachment":[{"href":"https:\/\/armstrongyregion.com.ar\/diario\/wp-json\/wp\/v2\/media?parent=19722"}],"wp:term":[{"taxonomy":"category","embeddable":true,"href":"https:\/\/armstrongyregion.com.ar\/diario\/wp-json\/wp\/v2\/categories?post=19722"},{"taxonomy":"post_tag","embeddable":true,"href":"https:\/\/armstrongyregion.com.ar\/diario\/wp-json\/wp\/v2\/tags?post=19722"}],"curies":[{"name":"wp","href":"https:\/\/api.w.org\/{rel}","templated":true}]}}