{"id":1971,"date":"2015-05-01T15:15:37","date_gmt":"2015-05-01T15:15:37","guid":{"rendered":"https:\/\/armstrongyregion.com.ar\/diario\/?p=1971"},"modified":"2015-05-01T15:15:37","modified_gmt":"2015-05-01T15:15:37","slug":"canada-de-gomez-virgili-insiste-en-la-reparacion-de-la-ruta-n-91","status":"publish","type":"post","link":"https:\/\/armstrongyregion.com.ar\/diario\/canada-de-gomez-virgili-insiste-en-la-reparacion-de-la-ruta-n-91\/","title":{"rendered":"Ca\u00f1ada de G\u00f3mez. Virgili insiste en la reparaci\u00f3n de la Ruta N 91."},"content":{"rendered":"<p><a href=\"http:\/\/armstrongyregion.com.ar\/diario\/wp-content\/uploads\/2015\/05\/IMG_2802-1-1-1.jpg\"><img loading=\"lazy\" decoding=\"async\" src=\"http:\/\/armstrongyregion.com.ar\/diario\/wp-content\/uploads\/2015\/05\/IMG_2802-1-1-1-300x200.jpg\" alt=\"Virgili\" width=\"300\" height=\"200\" class=\"alignnone size-medium wp-image-1972\" srcset=\"https:\/\/armstrongyregion.com.ar\/diario\/wp-content\/uploads\/2015\/05\/IMG_2802-1-1-1-300x200.jpg 300w, https:\/\/armstrongyregion.com.ar\/diario\/wp-content\/uploads\/2015\/05\/IMG_2802-1-1-1.jpg 750w\" sizes=\"auto, (max-width: 300px) 100vw, 300px\" \/><\/a>Present\u00f3 un proyecto de resoluci\u00f3n dirigido a la Direcci\u00f3n Provincial<br \/>\nde Vialidad solicitando la urgente reparaci\u00f3n teniendo en cuenta \u201cel<br \/>\nestado deplorable y de avanzado deterioro\u201d que presenta.<\/p>\n<p>El concejal Guillermo Virgili present\u00f3 un proyecto de resoluci\u00f3n<br \/>\nsolicitando a la Direcci\u00f3n Provincial de Vialidad proceda a la urgente<br \/>\nreparaci\u00f3n de la traza de la ruta 91, a partir de su intersecci\u00f3n con la<br \/>\nruta 9 hasta Serodino.<br \/>\n\u201cDicha ruta representa el tercer anillo vial de la zona metropolitana<br \/>\ndel Gran Rosario, el cual tiene un nutrido tr\u00e1nsito de camiones y es v\u00eda<br \/>\nde comunicaci\u00f3n principal hacia la zona de puertos. Adem\u00e1s la misma<br \/>\npresenta numerosos baches, desniveles, descalzamiento de banquinas y<br \/>\notras irregularidades de la calzada que son posibles causas de<br \/>\naccidentes de tr\u00e1nsito, y que est\u00e1n siendo rellenados con ripio<br \/>\ninestable\u201d, explic\u00f3 el edil.<br \/>\n\u201cSolicitamos procedan a la reparaci\u00f3n inmediata de la ruta en el tramo<br \/>\nmencionado ante la peligrosidad que representa para el tr\u00e1nsito\u201d,<br \/>\nconcluy\u00f3.<\/p>\n","protected":false},"excerpt":{"rendered":"<p>Present\u00f3 un proyecto de resoluci\u00f3n dirigido a la Direcci\u00f3n Provincial de Vialidad solicitando la urgente reparaci\u00f3n teniendo en cuenta \u201cel estado deplorable y de avanzado deterioro\u201d que presenta. El concejal Guillermo Virgili present\u00f3 un proyecto de resoluci\u00f3n solicitando a la Direcci\u00f3n Provincial de Vialidad proceda a la urgente reparaci\u00f3n de la traza de la ruta <a href=\"https:\/\/armstrongyregion.com.ar\/diario\/canada-de-gomez-virgili-insiste-en-la-reparacion-de-la-ruta-n-91\/\" title=\"Read more\" >&#8230;<\/a><\/p>\n","protected":false},"author":2,"featured_media":1972,"comment_status":"open","ping_status":"open","sticky":false,"template":"","format":"standard","meta":{"_jetpack_memberships_contains_paid_content":false,"footnotes":"","jetpack_publicize_message":"","jetpack_publicize_feature_enabled":true,"jetpack_social_post_already_shared":false,"jetpack_social_options":{"image_generator_settings":{"template":"highway","default_image_id":0,"enabled":false},"version":2}},"categories":[1,7,3],"tags":[163,19,15,164,1584,31,1586,1585,484,1583],"class_list":["post-1971","post","type-post","status-publish","format-standard","has-post-thumbnail","hentry","category-diario-armstrong","category-politica","category-region","tag-canada","tag-de","tag-en","tag-gomez","tag-insiste","tag-la","tag-n-91","tag-reparacion","tag-ruta","tag-virgili"],"jetpack_publicize_connections":[],"jetpack_featured_media_url":"https:\/\/armstrongyregion.com.ar\/diario\/wp-content\/uploads\/2015\/05\/IMG_2802-1-1-1.jpg","jetpack_shortlink":"https:\/\/wp.me\/p62QDO-vN","jetpack_sharing_enabled":true,"amp_enabled":true,"_links":{"self":[{"href":"https:\/\/armstrongyregion.com.ar\/diario\/wp-json\/wp\/v2\/posts\/1971","targetHints":{"allow":["GET"]}}],"collection":[{"href":"https:\/\/armstrongyregion.com.ar\/diario\/wp-json\/wp\/v2\/posts"}],"about":[{"href":"https:\/\/armstrongyregion.com.ar\/diario\/wp-json\/wp\/v2\/types\/post"}],"author":[{"embeddable":true,"href":"https:\/\/armstrongyregion.com.ar\/diario\/wp-json\/wp\/v2\/users\/2"}],"replies":[{"embeddable":true,"href":"https:\/\/armstrongyregion.com.ar\/diario\/wp-json\/wp\/v2\/comments?post=1971"}],"version-history":[{"count":0,"href":"https:\/\/armstrongyregion.com.ar\/diario\/wp-json\/wp\/v2\/posts\/1971\/revisions"}],"wp:featuredmedia":[{"embeddable":true,"href":"https:\/\/armstrongyregion.com.ar\/diario\/wp-json\/wp\/v2\/media\/1972"}],"wp:attachment":[{"href":"https:\/\/armstrongyregion.com.ar\/diario\/wp-json\/wp\/v2\/media?parent=1971"}],"wp:term":[{"taxonomy":"category","embeddable":true,"href":"https:\/\/armstrongyregion.com.ar\/diario\/wp-json\/wp\/v2\/categories?post=1971"},{"taxonomy":"post_tag","embeddable":true,"href":"https:\/\/armstrongyregion.com.ar\/diario\/wp-json\/wp\/v2\/tags?post=1971"}],"curies":[{"name":"wp","href":"https:\/\/api.w.org\/{rel}","templated":true}]}}