{"id":19709,"date":"2018-12-08T22:58:26","date_gmt":"2018-12-08T22:58:26","guid":{"rendered":"https:\/\/armstrongyregion.com.ar\/diario\/?p=19709"},"modified":"2018-12-08T22:58:26","modified_gmt":"2018-12-08T22:58:26","slug":"feria-regional-de-emprendedores-en-correa","status":"publish","type":"post","link":"https:\/\/armstrongyregion.com.ar\/diario\/feria-regional-de-emprendedores-en-correa\/","title":{"rendered":"Feria Regional de Emprendedores en Correa."},"content":{"rendered":"<p style=\"font-weight: 400;\"><a href=\"http:\/\/armstrongyregion.com.ar\/diario\/wp-content\/uploads\/2018\/12\/Ferisur.jpg\"><img loading=\"lazy\" decoding=\"async\" class=\"alignnone size-full wp-image-19710\" src=\"http:\/\/armstrongyregion.com.ar\/diario\/wp-content\/uploads\/2018\/12\/Ferisur.jpg\" alt=\"Ferisur\" width=\"768\" height=\"565\" srcset=\"https:\/\/armstrongyregion.com.ar\/diario\/wp-content\/uploads\/2018\/12\/Ferisur.jpg 768w, https:\/\/armstrongyregion.com.ar\/diario\/wp-content\/uploads\/2018\/12\/Ferisur-300x221.jpg 300w\" sizes=\"auto, (max-width: 768px) 100vw, 768px\" \/><\/a>El pr\u00f3ximo domingo, desde las 17 hs. en el Polideportivo Comunal, la Comuna Correa y el Gobierno de Santa Fe organizan la Ferial Regional \u201cFerisur\u201d del Nodo Rosario con la participaci\u00f3n de m\u00e1s de 80 emprendedores de toda la regi\u00f3n.<\/p>\n<p style=\"font-weight: 400;\">Durante la jornada se desarrollar\u00e1 la \u201cPe\u00f1a de N\u00f3made\u201d con diferentes espect\u00e1culos de canto y danza.<\/p>\n<p style=\"font-weight: 400;\">Entrada libre y gratuita.<\/p>\n","protected":false},"excerpt":{"rendered":"<p>El pr\u00f3ximo domingo, desde las 17 hs. en el Polideportivo Comunal, la Comuna Correa y el Gobierno de Santa Fe organizan la Ferial Regional \u201cFerisur\u201d del Nodo Rosario con la participaci\u00f3n de m\u00e1s de 80 emprendedores de toda la regi\u00f3n. Durante la jornada se desarrollar\u00e1 la \u201cPe\u00f1a de N\u00f3made\u201d con diferentes espect\u00e1culos de canto y <a href=\"https:\/\/armstrongyregion.com.ar\/diario\/feria-regional-de-emprendedores-en-correa\/\" title=\"Read more\" >&#8230;<\/a><\/p>\n","protected":false},"author":1,"featured_media":19710,"comment_status":"open","ping_status":"open","sticky":false,"template":"","format":"standard","meta":{"_jetpack_memberships_contains_paid_content":false,"footnotes":"","jetpack_publicize_message":"","jetpack_publicize_feature_enabled":true,"jetpack_social_post_already_shared":false,"jetpack_social_options":{"image_generator_settings":{"template":"highway","default_image_id":0,"enabled":false},"version":2}},"categories":[6,8,1,3],"tags":[7416],"class_list":["post-19709","post","type-post","status-publish","format-standard","has-post-thumbnail","hentry","category-cultura-entretenimiento","category-deliberando","category-diario-armstrong","category-region","tag-feria-regional-de-emprendedores-en-correa"],"jetpack_publicize_connections":[],"jetpack_featured_media_url":"https:\/\/armstrongyregion.com.ar\/diario\/wp-content\/uploads\/2018\/12\/Ferisur.jpg","jetpack_shortlink":"https:\/\/wp.me\/p62QDO-57T","jetpack_sharing_enabled":true,"amp_enabled":true,"_links":{"self":[{"href":"https:\/\/armstrongyregion.com.ar\/diario\/wp-json\/wp\/v2\/posts\/19709","targetHints":{"allow":["GET"]}}],"collection":[{"href":"https:\/\/armstrongyregion.com.ar\/diario\/wp-json\/wp\/v2\/posts"}],"about":[{"href":"https:\/\/armstrongyregion.com.ar\/diario\/wp-json\/wp\/v2\/types\/post"}],"author":[{"embeddable":true,"href":"https:\/\/armstrongyregion.com.ar\/diario\/wp-json\/wp\/v2\/users\/1"}],"replies":[{"embeddable":true,"href":"https:\/\/armstrongyregion.com.ar\/diario\/wp-json\/wp\/v2\/comments?post=19709"}],"version-history":[{"count":0,"href":"https:\/\/armstrongyregion.com.ar\/diario\/wp-json\/wp\/v2\/posts\/19709\/revisions"}],"wp:featuredmedia":[{"embeddable":true,"href":"https:\/\/armstrongyregion.com.ar\/diario\/wp-json\/wp\/v2\/media\/19710"}],"wp:attachment":[{"href":"https:\/\/armstrongyregion.com.ar\/diario\/wp-json\/wp\/v2\/media?parent=19709"}],"wp:term":[{"taxonomy":"category","embeddable":true,"href":"https:\/\/armstrongyregion.com.ar\/diario\/wp-json\/wp\/v2\/categories?post=19709"},{"taxonomy":"post_tag","embeddable":true,"href":"https:\/\/armstrongyregion.com.ar\/diario\/wp-json\/wp\/v2\/tags?post=19709"}],"curies":[{"name":"wp","href":"https:\/\/api.w.org\/{rel}","templated":true}]}}