{"id":19661,"date":"2018-12-04T13:28:22","date_gmt":"2018-12-04T13:28:22","guid":{"rendered":"https:\/\/armstrongyregion.com.ar\/diario\/?p=19661"},"modified":"2018-12-04T13:28:22","modified_gmt":"2018-12-04T13:28:22","slug":"ejecutivo-y-legislativo-de-armstrong-este-martes-en-deliberando","status":"publish","type":"post","link":"https:\/\/armstrongyregion.com.ar\/diario\/ejecutivo-y-legislativo-de-armstrong-este-martes-en-deliberando\/","title":{"rendered":"Ejecutivo y legislativo de Armstrong este martes en DELIBERANDO."},"content":{"rendered":"<div class=\"gs\">\n<div class=\"\">\n<div id=\":mu\" class=\"ii gt\">\n<div id=\":mt\" class=\"a3s aXjCH adM\">\n<div class=\"HOEnZb\">\n<div class=\"im\">\n<div class=\"gmail_quote\">\n<div class=\"gmail_quote\">\n<div dir=\"ltr\">\n<div><a href=\"http:\/\/armstrongyregion.com.ar\/diario\/wp-content\/uploads\/2018\/12\/dani-perez-.jpg\"><img loading=\"lazy\" decoding=\"async\" class=\"alignnone size-full wp-image-19662\" src=\"http:\/\/armstrongyregion.com.ar\/diario\/wp-content\/uploads\/2018\/12\/dani-perez-.jpg\" alt=\"dani-perez-\" width=\"960\" height=\"720\" srcset=\"https:\/\/armstrongyregion.com.ar\/diario\/wp-content\/uploads\/2018\/12\/dani-perez-.jpg 960w, https:\/\/armstrongyregion.com.ar\/diario\/wp-content\/uploads\/2018\/12\/dani-perez--300x225.jpg 300w\" sizes=\"auto, (max-width: 960px) 100vw, 960px\" \/><\/a>La secretaria de gobierno Daniela P\u00e9rez, abordara temas de la actualidad amtronense, como transito, desag\u00fces, obras en el cementerio y su acceso, precauciones ante las fiestas de finalizaci\u00f3n de cursos entre otros \u00edtems .<\/div>\n<div><a href=\"http:\/\/armstrongyregion.com.ar\/diario\/wp-content\/uploads\/2018\/12\/carlos-cuffia-.jpg\"><img loading=\"lazy\" decoding=\"async\" class=\"alignnone size-full wp-image-19663\" src=\"http:\/\/armstrongyregion.com.ar\/diario\/wp-content\/uploads\/2018\/12\/carlos-cuffia-.jpg\" alt=\"carlos-cuffia-\" width=\"960\" height=\"720\" srcset=\"https:\/\/armstrongyregion.com.ar\/diario\/wp-content\/uploads\/2018\/12\/carlos-cuffia-.jpg 960w, https:\/\/armstrongyregion.com.ar\/diario\/wp-content\/uploads\/2018\/12\/carlos-cuffia--300x225.jpg 300w\" sizes=\"auto, (max-width: 960px) 100vw, 960px\" \/><\/a>La ordenanza sobre control de fitosanitarios que fue sancionada recientemente, ser\u00e1 abordada por el edil radical Carlos Cuffia, quien har\u00e1 un repaso a la actividad del concejo durante este a\u00f1o y su experiencia desde la banca.<\/div>\n<div><a href=\"http:\/\/armstrongyregion.com.ar\/diario\/wp-content\/uploads\/2018\/12\/jesus-urquia.jpg\"><img loading=\"lazy\" decoding=\"async\" class=\"alignnone size-full wp-image-19664\" src=\"http:\/\/armstrongyregion.com.ar\/diario\/wp-content\/uploads\/2018\/12\/jesus-urquia.jpg\" alt=\"jesus-urquia\" width=\"960\" height=\"720\" srcset=\"https:\/\/armstrongyregion.com.ar\/diario\/wp-content\/uploads\/2018\/12\/jesus-urquia.jpg 960w, https:\/\/armstrongyregion.com.ar\/diario\/wp-content\/uploads\/2018\/12\/jesus-urquia-300x225.jpg 300w\" sizes=\"auto, (max-width: 960px) 100vw, 960px\" \/><\/a>Jes\u00fas Urquia, concejal de Renovaci\u00f3n por Armstrong, hace un balance de gesti\u00f3n, destacando la satisfacci\u00f3n por la aprobraci\u00f3n de la ordenanza sobre fitosanitarios, que fue autor\u00eda de su bloque. Destac\u00f3 ademas la preocupaci\u00f3n de su partido por las necesidades sociales de los vecinos.<\/div>\n<div>\n<div>Todo este martes en DELIBERANDO, con la conducci\u00f3n de la licenciada Graciela de la Casa y Oscar Crispino.<\/div>\n<div>Martes 21hs. Por Cable Imagen Armstrong.<\/div>\n<\/div>\n<div><\/div>\n<\/div>\n<\/div>\n<\/div>\n<\/div>\n<\/div>\n<\/div>\n<\/div>\n<div class=\"hi\"><\/div>\n<\/div>\n<\/div>\n<p>&nbsp;<\/p>\n","protected":false},"excerpt":{"rendered":"<p>La secretaria de gobierno Daniela P\u00e9rez, abordara temas de la actualidad amtronense, como transito, desag\u00fces, obras en el cementerio y su acceso, precauciones ante las fiestas de finalizaci\u00f3n de cursos entre otros \u00edtems . La ordenanza sobre control de fitosanitarios que fue sancionada recientemente, ser\u00e1 abordada por el edil radical Carlos Cuffia, quien har\u00e1 un <a href=\"https:\/\/armstrongyregion.com.ar\/diario\/ejecutivo-y-legislativo-de-armstrong-este-martes-en-deliberando\/\" title=\"Read more\" >&#8230;<\/a><\/p>\n","protected":false},"author":1,"featured_media":19662,"comment_status":"open","ping_status":"open","sticky":false,"template":"","format":"standard","meta":{"_jetpack_memberships_contains_paid_content":false,"footnotes":"","jetpack_publicize_message":"","jetpack_publicize_feature_enabled":true,"jetpack_social_post_already_shared":false,"jetpack_social_options":{"image_generator_settings":{"template":"highway","default_image_id":0,"enabled":false},"version":2}},"categories":[8,1,2,7],"tags":[7400],"class_list":["post-19661","post","type-post","status-publish","format-standard","has-post-thumbnail","hentry","category-deliberando","category-diario-armstrong","category-locales","category-politica","tag-ejecutivo-y-legislativo-de-armstrong-este-martes-en-deliberando"],"jetpack_publicize_connections":[],"jetpack_featured_media_url":"https:\/\/armstrongyregion.com.ar\/diario\/wp-content\/uploads\/2018\/12\/dani-perez-.jpg","jetpack_shortlink":"https:\/\/wp.me\/p62QDO-577","jetpack_sharing_enabled":true,"amp_enabled":true,"_links":{"self":[{"href":"https:\/\/armstrongyregion.com.ar\/diario\/wp-json\/wp\/v2\/posts\/19661","targetHints":{"allow":["GET"]}}],"collection":[{"href":"https:\/\/armstrongyregion.com.ar\/diario\/wp-json\/wp\/v2\/posts"}],"about":[{"href":"https:\/\/armstrongyregion.com.ar\/diario\/wp-json\/wp\/v2\/types\/post"}],"author":[{"embeddable":true,"href":"https:\/\/armstrongyregion.com.ar\/diario\/wp-json\/wp\/v2\/users\/1"}],"replies":[{"embeddable":true,"href":"https:\/\/armstrongyregion.com.ar\/diario\/wp-json\/wp\/v2\/comments?post=19661"}],"version-history":[{"count":0,"href":"https:\/\/armstrongyregion.com.ar\/diario\/wp-json\/wp\/v2\/posts\/19661\/revisions"}],"wp:featuredmedia":[{"embeddable":true,"href":"https:\/\/armstrongyregion.com.ar\/diario\/wp-json\/wp\/v2\/media\/19662"}],"wp:attachment":[{"href":"https:\/\/armstrongyregion.com.ar\/diario\/wp-json\/wp\/v2\/media?parent=19661"}],"wp:term":[{"taxonomy":"category","embeddable":true,"href":"https:\/\/armstrongyregion.com.ar\/diario\/wp-json\/wp\/v2\/categories?post=19661"},{"taxonomy":"post_tag","embeddable":true,"href":"https:\/\/armstrongyregion.com.ar\/diario\/wp-json\/wp\/v2\/tags?post=19661"}],"curies":[{"name":"wp","href":"https:\/\/api.w.org\/{rel}","templated":true}]}}