{"id":19639,"date":"2018-12-02T20:14:44","date_gmt":"2018-12-02T20:14:44","guid":{"rendered":"https:\/\/armstrongyregion.com.ar\/diario\/?p=19639"},"modified":"2018-12-02T20:14:44","modified_gmt":"2018-12-02T20:14:44","slug":"choco-su-auto-contra-un-omnibus-y-el-micro-volco-en-la-ruta","status":"publish","type":"post","link":"https:\/\/armstrongyregion.com.ar\/diario\/choco-su-auto-contra-un-omnibus-y-el-micro-volco-en-la-ruta\/","title":{"rendered":"Choc\u00f3 su auto contra un \u00f3mnibus y el micro volc\u00f3 en la ruta."},"content":{"rendered":"<p><a href=\"http:\/\/armstrongyregion.com.ar\/diario\/wp-content\/uploads\/2018\/12\/Colectivo-.jpg\"><img loading=\"lazy\" decoding=\"async\" class=\"alignnone size-full wp-image-19640\" src=\"http:\/\/armstrongyregion.com.ar\/diario\/wp-content\/uploads\/2018\/12\/Colectivo-.jpg\" alt=\"Colectivo-\" width=\"768\" height=\"432\" srcset=\"https:\/\/armstrongyregion.com.ar\/diario\/wp-content\/uploads\/2018\/12\/Colectivo-.jpg 768w, https:\/\/armstrongyregion.com.ar\/diario\/wp-content\/uploads\/2018\/12\/Colectivo--300x169.jpg 300w\" sizes=\"auto, (max-width: 768px) 100vw, 768px\" \/><\/a>Ocurri\u00f3 esta ma\u00f1ana en el kil\u00f3metro 716 de la ruta 33, a la altura de la localidad de Chab\u00e1s.<\/p>\n<div>Un automovilista choc\u00f3 de frente a un micro, que termin\u00f3 volcado sobre la calzada. No hay v\u00edctimas fatales.<\/div>\n<div>De acuerdo a las primeras informaciones, el siniestro ocurri\u00f3 esta ma\u00f1ana en el kil\u00f3metro 716 de la ruta 33, a la altura de la localidad de Chab\u00e1s.<\/div>\n<div>Seg\u00fan trascendi\u00f3, el autom\u00f3vil -un Volkswagen Gol Trend- mordi\u00f3 la banquina y e impact\u00f3 contra un colectivo de la empresa UTE 33\/9, que termin\u00f3 volcando sobre la calzada.<\/div>\n<div>\n<div id=\"embed32_wrap\" class=\"embed_cont type_freetext\">\n<div id=\"embed32_content\" class=\"embed_content\">\n<div id=\"embed32_embed\">\n<blockquote class=\"twitter-tweet twitter-tweet-error\" data-lang=\"es\" data-twitter-extracted-i1543609719956900527=\"true\">\n<p dir=\"ltr\" lang=\"es\">\u26a0\ufe0fAtenci\u00f3n\u26a0\ufe0f<a href=\"https:\/\/twitter.com\/hashtag\/RN33?src=hash&amp;ref_src=twsrc%5Etfw\">#RN33<\/a>\u00a0<a href=\"https:\/\/twitter.com\/hashtag\/KM716?src=hash&amp;ref_src=twsrc%5Etfw\">#KM716<\/a>, altura localidad de\u00a0<a href=\"https:\/\/twitter.com\/hashtag\/Chabas?src=hash&amp;ref_src=twsrc%5Etfw\">#Chabas<\/a>, colisi\u00f3n frontal entre autom\u00f3vil y micro. Obstrucci\u00f3n total de calzada.<\/p>\n<p>\u2014 APSV (@RedSegVial)\u00a0<a href=\"https:\/\/twitter.com\/RedSegVial\/status\/1069213487019278336?ref_src=twsrc%5Etfw\">2 de diciembre de 2018<\/a><\/p><\/blockquote>\n<\/div>\n<\/div>\n<\/div>\n<p><b>Heridos<\/b>. En el auto viajaba un hombre solo, mientras que en el micro, adem\u00e1s del chofer, iba una mujer y un joven como pasajeros.<\/div>\n<div>Fuente: La Capital-<\/div>\n<div class=\"embed_cont type_imagen\"><\/div>\n","protected":false},"excerpt":{"rendered":"<p>Ocurri\u00f3 esta ma\u00f1ana en el kil\u00f3metro 716 de la ruta 33, a la altura de la localidad de Chab\u00e1s. Un automovilista choc\u00f3 de frente a un micro, que termin\u00f3 volcado sobre la calzada. No hay v\u00edctimas fatales. De acuerdo a las primeras informaciones, el siniestro ocurri\u00f3 esta ma\u00f1ana en el kil\u00f3metro 716 de la ruta <a href=\"https:\/\/armstrongyregion.com.ar\/diario\/choco-su-auto-contra-un-omnibus-y-el-micro-volco-en-la-ruta\/\" title=\"Read more\" >&#8230;<\/a><\/p>\n","protected":false},"author":1,"featured_media":19640,"comment_status":"open","ping_status":"open","sticky":false,"template":"","format":"standard","meta":{"_jetpack_memberships_contains_paid_content":false,"footnotes":"","jetpack_publicize_message":"","jetpack_publicize_feature_enabled":true,"jetpack_social_post_already_shared":false,"jetpack_social_options":{"image_generator_settings":{"template":"highway","default_image_id":0,"enabled":false},"version":2}},"categories":[8,1,3],"tags":[7394],"class_list":["post-19639","post","type-post","status-publish","format-standard","has-post-thumbnail","hentry","category-deliberando","category-diario-armstrong","category-region","tag-choco-su-auto-contra-un-omnibus-y-el-micro-volco-en-la-ruta"],"jetpack_publicize_connections":[],"jetpack_featured_media_url":"https:\/\/armstrongyregion.com.ar\/diario\/wp-content\/uploads\/2018\/12\/Colectivo-.jpg","jetpack_shortlink":"https:\/\/wp.me\/p62QDO-56L","jetpack_sharing_enabled":true,"amp_enabled":true,"_links":{"self":[{"href":"https:\/\/armstrongyregion.com.ar\/diario\/wp-json\/wp\/v2\/posts\/19639","targetHints":{"allow":["GET"]}}],"collection":[{"href":"https:\/\/armstrongyregion.com.ar\/diario\/wp-json\/wp\/v2\/posts"}],"about":[{"href":"https:\/\/armstrongyregion.com.ar\/diario\/wp-json\/wp\/v2\/types\/post"}],"author":[{"embeddable":true,"href":"https:\/\/armstrongyregion.com.ar\/diario\/wp-json\/wp\/v2\/users\/1"}],"replies":[{"embeddable":true,"href":"https:\/\/armstrongyregion.com.ar\/diario\/wp-json\/wp\/v2\/comments?post=19639"}],"version-history":[{"count":0,"href":"https:\/\/armstrongyregion.com.ar\/diario\/wp-json\/wp\/v2\/posts\/19639\/revisions"}],"wp:featuredmedia":[{"embeddable":true,"href":"https:\/\/armstrongyregion.com.ar\/diario\/wp-json\/wp\/v2\/media\/19640"}],"wp:attachment":[{"href":"https:\/\/armstrongyregion.com.ar\/diario\/wp-json\/wp\/v2\/media?parent=19639"}],"wp:term":[{"taxonomy":"category","embeddable":true,"href":"https:\/\/armstrongyregion.com.ar\/diario\/wp-json\/wp\/v2\/categories?post=19639"},{"taxonomy":"post_tag","embeddable":true,"href":"https:\/\/armstrongyregion.com.ar\/diario\/wp-json\/wp\/v2\/tags?post=19639"}],"curies":[{"name":"wp","href":"https:\/\/api.w.org\/{rel}","templated":true}]}}