{"id":19597,"date":"2018-11-29T13:02:41","date_gmt":"2018-11-29T13:02:41","guid":{"rendered":"https:\/\/armstrongyregion.com.ar\/diario\/?p=19597"},"modified":"2018-11-29T13:02:41","modified_gmt":"2018-11-29T13:02:41","slug":"se-realizo-el-lanzamiento-oficial-de-la-fiesta-armstrong-tierra-mia-2018","status":"publish","type":"post","link":"https:\/\/armstrongyregion.com.ar\/diario\/se-realizo-el-lanzamiento-oficial-de-la-fiesta-armstrong-tierra-mia-2018\/","title":{"rendered":"Se realiz\u00f3 el lanzamiento oficial de la Fiesta Armstrong Tierra M\u00eda 2018."},"content":{"rendered":"<p><a href=\"http:\/\/armstrongyregion.com.ar\/diario\/wp-content\/uploads\/2018\/11\/Tierra-Mia-2-.jpg\"><img loading=\"lazy\" decoding=\"async\" class=\"alignnone size-full wp-image-19598\" src=\"http:\/\/armstrongyregion.com.ar\/diario\/wp-content\/uploads\/2018\/11\/Tierra-Mia-2-.jpg\" alt=\"Tierra Mia-2-\" width=\"960\" height=\"720\" srcset=\"https:\/\/armstrongyregion.com.ar\/diario\/wp-content\/uploads\/2018\/11\/Tierra-Mia-2-.jpg 960w, https:\/\/armstrongyregion.com.ar\/diario\/wp-content\/uploads\/2018\/11\/Tierra-Mia-2--300x225.jpg 300w\" sizes=\"auto, (max-width: 960px) 100vw, 960px\" \/><\/a>El mi\u00e9rcoles 28 de noviembre, en el sal\u00f3n auditorio municipal Delmo Dar\u00f3 y a diecis\u00e9is \u00a0d\u00edas del evento, se realiz\u00f3 el lanzamiento oficial de la fiesta \u201cArmstrong Tierra M\u00eda\u201d que se llevar\u00e1 a cabo los d\u00edas s\u00e1bado 15 y domingo 16 de diciembre pr\u00f3ximos.<\/p>\n<p><a href=\"http:\/\/armstrongyregion.com.ar\/diario\/wp-content\/uploads\/2018\/11\/Tierra-Mia-1-.jpg\"><img loading=\"lazy\" decoding=\"async\" class=\"alignnone size-full wp-image-19599\" src=\"http:\/\/armstrongyregion.com.ar\/diario\/wp-content\/uploads\/2018\/11\/Tierra-Mia-1-.jpg\" alt=\"Tierra-Mia-1-\" width=\"960\" height=\"720\" srcset=\"https:\/\/armstrongyregion.com.ar\/diario\/wp-content\/uploads\/2018\/11\/Tierra-Mia-1-.jpg 960w, https:\/\/armstrongyregion.com.ar\/diario\/wp-content\/uploads\/2018\/11\/Tierra-Mia-1--300x225.jpg 300w\" sizes=\"auto, (max-width: 960px) 100vw, 960px\" \/><\/a>Hizo uso de la palabra el Sr. Intendente Municipal Dr. Pablo Verdecchia quien cont\u00f3 los motivos de la realizaci\u00f3n de esta fiesta y la convocatoria, que ya es una tradici\u00f3n en nuestra ciudad,<\/p>\n<p><a href=\"http:\/\/armstrongyregion.com.ar\/diario\/wp-content\/uploads\/2018\/11\/Tierra-Mia-4-.jpg\"><img loading=\"lazy\" decoding=\"async\" class=\"alignnone size-full wp-image-19600\" src=\"http:\/\/armstrongyregion.com.ar\/diario\/wp-content\/uploads\/2018\/11\/Tierra-Mia-4-.jpg\" alt=\"Tierra Mia-4-\" width=\"960\" height=\"720\" srcset=\"https:\/\/armstrongyregion.com.ar\/diario\/wp-content\/uploads\/2018\/11\/Tierra-Mia-4-.jpg 960w, https:\/\/armstrongyregion.com.ar\/diario\/wp-content\/uploads\/2018\/11\/Tierra-Mia-4--300x225.jpg 300w\" sizes=\"auto, (max-width: 960px) 100vw, 960px\" \/><\/a>Luego cada uno de los referentes de las instituciones y coordinadores de los cuerpos de baile que acompa\u00f1aron a los funcionarios en la cabecera de la sala informaron sobre su participaci\u00f3n y rol en dicha fiesta. \u00a0Luego deleitaron a los presentes con un baile flamenco alumnas del taller municipal y Eva Ardizone quien nos tiene acostumbrados a su encantadora voz hizo erizar a m\u00e1s de uno cantando a capela uno de los temas que interpretar\u00e1 en el escenario mayor, \u00a0el ballet de danzas Warmi a trav\u00e9s de dos integrantes mostro a los presentes una peque\u00f1a parte de sus bellos y coloridos atuendos.<\/p>\n<p>Minutos despu\u00e9s hizo lo propio Rosana Siri quien detall\u00f3 las actividades previstas para este nuevo aniversario.<\/p>\n<p>En la oportunidad, \u00a0se present\u00f3 el spot publicitario que se emitir\u00e1 en medios radiales y televisivos, realizado por \u00a0Martin Casse. (Realizador Audiovisual).<\/p>\n<p>&nbsp;<\/p>\n<p>El detalle de la programaci\u00f3n para ambas jornadas es el siguiente:<\/p>\n<p>S\u00e1bado 15 de diciembre en Plaza San Mart\u00edn 20,30hs.<\/p>\n<p>Circo Lumiere, recibimiento Bienvenida. Globolog\u00eda. (Cintia Leguizam\u00f3n) Juegos Kermes (Taller de Arte para Ni\u00f1os MHM)- Calle Sanguinetti.<\/p>\n<p>Danza Taller Flamenco Municipal (Prof. Marina Aguirre).<\/p>\n<p>Circo Loumiere.<\/p>\n<p>1er Grado T. Tarde y T. Ma\u00f1ana Escuela N\u00b0 262- Feria Colectividades.<\/p>\n<p>Danza Taller Arabe Municipal. (Faty Ayum).<\/p>\n<p>Taller de Ni\u00f1os Ballet Francisco Maldonado- Malambo Femenino.<\/p>\n<p>Conservatorio.<\/p>\n<p>Danza Taller- Ballet Bemba Color\u00e1- Criollo-<\/p>\n<p>Eva Ardizone-<\/p>\n<p>Taller de Adultos- Ballet Francisco Maldonado- Pareja Estilizada de Competencia-<\/p>\n<p>Los Galigaris-<\/p>\n<p>Domingo 16 de Diciembre.<\/p>\n<p>Plaza Flotron 19,30hs Desfile C\u00edvico-<\/p>\n<p>Plaza San Mart\u00edn 20,30hs.<\/p>\n<p>Bienvenida: Palabras del Intendente-<\/p>\n<p>Entrega Tierra M\u00eda.<\/p>\n<p>Entrega Deportistas Destacados- o instituciones.<\/p>\n<p>Taller de Ni\u00f1os. Folclore El Tropero.<\/p>\n<p>Academia de Danzas Folc. Latinoamericanas y Tango-<\/p>\n<p>Club Sarmiento- Ca\u00f1ada de G\u00f3mez- Coya Folclore Argentino.<\/p>\n<p>Alm\u00edn.<\/p>\n<p>Ballet Bemba Color\u00e1 \u201cMujeres Argentinas\u201d.<\/p>\n<p>Academia de Danzas Folcloricas Latinoamericanas y Tango-<\/p>\n<p>Club Sarmiento- Panam\u00e1 Latino-<\/p>\n<p>Warmi (M\u00e9xico)- Con Eva Ardizone-<\/p>\n<p>Los Pericos-<\/p>\n<p>S\u00e1bado y domingo se podr\u00e1 apreciar la creatividad de microemprendedores junto a Colores y Sabores Locales;\u00a0 la muestra est\u00e1tica de maquinaria agr\u00edcola denominada \u201cM\u00e1quinas e Industrias desde Armstrong al Pa\u00eds y al Mundo\u201d; y se ofrecer\u00e1n servicios de buffet que estar\u00e1n a cargo de los clubes.<\/p>\n<p>\u201cArmstrong Tierra M\u00eda\u201d nos convoca a todos para festejar 136 a\u00f1os de historia, y nos propone conocernos, reconocernos y valorarnos a cada uno de nosotros desde el lugar que a diario seguimos eligiendo y en cada una de nuestras actividades.<\/p>\n<p>&nbsp;<\/p>\n","protected":false},"excerpt":{"rendered":"<p>El mi\u00e9rcoles 28 de noviembre, en el sal\u00f3n auditorio municipal Delmo Dar\u00f3 y a diecis\u00e9is \u00a0d\u00edas del evento, se realiz\u00f3 el lanzamiento oficial de la fiesta \u201cArmstrong Tierra M\u00eda\u201d que se llevar\u00e1 a cabo los d\u00edas s\u00e1bado 15 y domingo 16 de diciembre pr\u00f3ximos. Hizo uso de la palabra el Sr. Intendente Municipal Dr. Pablo <a href=\"https:\/\/armstrongyregion.com.ar\/diario\/se-realizo-el-lanzamiento-oficial-de-la-fiesta-armstrong-tierra-mia-2018\/\" title=\"Read more\" >&#8230;<\/a><\/p>\n","protected":false},"author":1,"featured_media":19598,"comment_status":"open","ping_status":"open","sticky":false,"template":"","format":"standard","meta":{"_jetpack_memberships_contains_paid_content":false,"footnotes":"","jetpack_publicize_message":"","jetpack_publicize_feature_enabled":true,"jetpack_social_post_already_shared":false,"jetpack_social_options":{"image_generator_settings":{"template":"highway","default_image_id":0,"enabled":false},"version":2}},"categories":[6,8,1,2,3],"tags":[7383],"class_list":["post-19597","post","type-post","status-publish","format-standard","has-post-thumbnail","hentry","category-cultura-entretenimiento","category-deliberando","category-diario-armstrong","category-locales","category-region","tag-se-realizo-el-lanzamiento-oficial-de-la-fiesta-armstrong-tierra-mia-2018"],"jetpack_publicize_connections":[],"jetpack_featured_media_url":"https:\/\/armstrongyregion.com.ar\/diario\/wp-content\/uploads\/2018\/11\/Tierra-Mia-2-.jpg","jetpack_shortlink":"https:\/\/wp.me\/p62QDO-565","jetpack_sharing_enabled":true,"amp_enabled":true,"_links":{"self":[{"href":"https:\/\/armstrongyregion.com.ar\/diario\/wp-json\/wp\/v2\/posts\/19597","targetHints":{"allow":["GET"]}}],"collection":[{"href":"https:\/\/armstrongyregion.com.ar\/diario\/wp-json\/wp\/v2\/posts"}],"about":[{"href":"https:\/\/armstrongyregion.com.ar\/diario\/wp-json\/wp\/v2\/types\/post"}],"author":[{"embeddable":true,"href":"https:\/\/armstrongyregion.com.ar\/diario\/wp-json\/wp\/v2\/users\/1"}],"replies":[{"embeddable":true,"href":"https:\/\/armstrongyregion.com.ar\/diario\/wp-json\/wp\/v2\/comments?post=19597"}],"version-history":[{"count":0,"href":"https:\/\/armstrongyregion.com.ar\/diario\/wp-json\/wp\/v2\/posts\/19597\/revisions"}],"wp:featuredmedia":[{"embeddable":true,"href":"https:\/\/armstrongyregion.com.ar\/diario\/wp-json\/wp\/v2\/media\/19598"}],"wp:attachment":[{"href":"https:\/\/armstrongyregion.com.ar\/diario\/wp-json\/wp\/v2\/media?parent=19597"}],"wp:term":[{"taxonomy":"category","embeddable":true,"href":"https:\/\/armstrongyregion.com.ar\/diario\/wp-json\/wp\/v2\/categories?post=19597"},{"taxonomy":"post_tag","embeddable":true,"href":"https:\/\/armstrongyregion.com.ar\/diario\/wp-json\/wp\/v2\/tags?post=19597"}],"curies":[{"name":"wp","href":"https:\/\/api.w.org\/{rel}","templated":true}]}}