{"id":19587,"date":"2018-11-28T20:41:01","date_gmt":"2018-11-28T20:41:01","guid":{"rendered":"https:\/\/armstrongyregion.com.ar\/diario\/?p=19587"},"modified":"2018-11-28T20:41:01","modified_gmt":"2018-11-28T20:41:01","slug":"armstrong-apertura-buzones-de-la-vida-8","status":"publish","type":"post","link":"https:\/\/armstrongyregion.com.ar\/diario\/armstrong-apertura-buzones-de-la-vida-8\/","title":{"rendered":"Armstrong. Apertura Buzones de la Vida."},"content":{"rendered":"<p><a href=\"http:\/\/armstrongyregion.com.ar\/diario\/wp-content\/uploads\/2017\/11\/Buzones-Pablo-Daniela-.jpg\"><img loading=\"lazy\" decoding=\"async\" class=\"alignnone size-full wp-image-15117\" src=\"http:\/\/armstrongyregion.com.ar\/diario\/wp-content\/uploads\/2017\/11\/Buzones-Pablo-Daniela-.jpg\" alt=\"Buzones-Pablo-Daniela-\" width=\"768\" height=\"548\" srcset=\"https:\/\/armstrongyregion.com.ar\/diario\/wp-content\/uploads\/2017\/11\/Buzones-Pablo-Daniela-.jpg 768w, https:\/\/armstrongyregion.com.ar\/diario\/wp-content\/uploads\/2017\/11\/Buzones-Pablo-Daniela--300x214.jpg 300w\" sizes=\"auto, (max-width: 768px) 100vw, 768px\" \/><\/a>La Municipalidad de Armstrong recuerda a toda la ciudadan\u00eda que el pr\u00f3ximo mi\u00e9rcoles 5 de diciembre se realizar\u00e1 la apertura mensual de los Buzones de la Vida: 9,30 hs. en Bomberos Voluntarios y a las 10 hs. en el municipio.<\/p>\n<p>Se invita a los interesados a depositar su denuncia an\u00f3nima as\u00ed como a asistir a estos actos.<\/p>\n<p>Muchas gracias.<\/p>\n","protected":false},"excerpt":{"rendered":"<p>La Municipalidad de Armstrong recuerda a toda la ciudadan\u00eda que el pr\u00f3ximo mi\u00e9rcoles 5 de diciembre se realizar\u00e1 la apertura mensual de los Buzones de la Vida: 9,30 hs. en Bomberos Voluntarios y a las 10 hs. en el municipio. Se invita a los interesados a depositar su denuncia an\u00f3nima as\u00ed como a asistir a <a href=\"https:\/\/armstrongyregion.com.ar\/diario\/armstrong-apertura-buzones-de-la-vida-8\/\" title=\"Read more\" >&#8230;<\/a><\/p>\n","protected":false},"author":1,"featured_media":15117,"comment_status":"open","ping_status":"open","sticky":false,"template":"","format":"standard","meta":{"_jetpack_memberships_contains_paid_content":false,"footnotes":"","jetpack_publicize_message":"","jetpack_publicize_feature_enabled":true,"jetpack_social_post_already_shared":false,"jetpack_social_options":{"image_generator_settings":{"template":"highway","default_image_id":0,"enabled":false},"version":2}},"categories":[8,1,2,7],"tags":[6276],"class_list":["post-19587","post","type-post","status-publish","format-standard","has-post-thumbnail","hentry","category-deliberando","category-diario-armstrong","category-locales","category-politica","tag-apertura-buzones-de-la-vida"],"jetpack_publicize_connections":[],"jetpack_featured_media_url":"https:\/\/armstrongyregion.com.ar\/diario\/wp-content\/uploads\/2017\/11\/Buzones-Pablo-Daniela-.jpg","jetpack_shortlink":"https:\/\/wp.me\/p62QDO-55V","jetpack_sharing_enabled":true,"amp_enabled":true,"_links":{"self":[{"href":"https:\/\/armstrongyregion.com.ar\/diario\/wp-json\/wp\/v2\/posts\/19587","targetHints":{"allow":["GET"]}}],"collection":[{"href":"https:\/\/armstrongyregion.com.ar\/diario\/wp-json\/wp\/v2\/posts"}],"about":[{"href":"https:\/\/armstrongyregion.com.ar\/diario\/wp-json\/wp\/v2\/types\/post"}],"author":[{"embeddable":true,"href":"https:\/\/armstrongyregion.com.ar\/diario\/wp-json\/wp\/v2\/users\/1"}],"replies":[{"embeddable":true,"href":"https:\/\/armstrongyregion.com.ar\/diario\/wp-json\/wp\/v2\/comments?post=19587"}],"version-history":[{"count":0,"href":"https:\/\/armstrongyregion.com.ar\/diario\/wp-json\/wp\/v2\/posts\/19587\/revisions"}],"wp:featuredmedia":[{"embeddable":true,"href":"https:\/\/armstrongyregion.com.ar\/diario\/wp-json\/wp\/v2\/media\/15117"}],"wp:attachment":[{"href":"https:\/\/armstrongyregion.com.ar\/diario\/wp-json\/wp\/v2\/media?parent=19587"}],"wp:term":[{"taxonomy":"category","embeddable":true,"href":"https:\/\/armstrongyregion.com.ar\/diario\/wp-json\/wp\/v2\/categories?post=19587"},{"taxonomy":"post_tag","embeddable":true,"href":"https:\/\/armstrongyregion.com.ar\/diario\/wp-json\/wp\/v2\/tags?post=19587"}],"curies":[{"name":"wp","href":"https:\/\/api.w.org\/{rel}","templated":true}]}}