{"id":19584,"date":"2018-11-28T15:17:41","date_gmt":"2018-11-28T15:17:41","guid":{"rendered":"https:\/\/armstrongyregion.com.ar\/diario\/?p=19584"},"modified":"2018-11-28T15:17:41","modified_gmt":"2018-11-28T15:17:41","slug":"armstrong-corte-de-luz-programado-para-el-dia-1-de-diciembre","status":"publish","type":"post","link":"https:\/\/armstrongyregion.com.ar\/diario\/armstrong-corte-de-luz-programado-para-el-dia-1-de-diciembre\/","title":{"rendered":"Armstrong. Corte de Luz programado para el dia 1\u00b0 de Diciembre."},"content":{"rendered":"<p><a href=\"http:\/\/armstrongyregion.com.ar\/diario\/wp-content\/uploads\/2018\/11\/Cooperativa1.jpg\"><img loading=\"lazy\" decoding=\"async\" class=\"alignnone size-full wp-image-19585\" src=\"http:\/\/armstrongyregion.com.ar\/diario\/wp-content\/uploads\/2018\/11\/Cooperativa1.jpg\" alt=\"Cooperativa\" width=\"768\" height=\"431\" srcset=\"https:\/\/armstrongyregion.com.ar\/diario\/wp-content\/uploads\/2018\/11\/Cooperativa1.jpg 768w, https:\/\/armstrongyregion.com.ar\/diario\/wp-content\/uploads\/2018\/11\/Cooperativa1-300x168.jpg 300w\" sizes=\"auto, (max-width: 768px) 100vw, 768px\" \/><\/a>El d\u00eda s\u00e1bado <strong>1 de diciembre<\/strong> se realizar\u00e1 un corte de energ\u00eda programado entre las <strong>13:30 y las 16:30 hs.<\/strong><\/p>\n<p>Este corte abarcar\u00e1 toda la <strong>zona urbana<\/strong>, el <strong>\u00e1rea industrial<\/strong> y la <strong>zona rural<\/strong> completa, ya que se estar\u00e1n haciendo tareas de mantenimiento preventivo sobre la doble terna,\u00a0 subestaci\u00f3n y l\u00edneas de media tensi\u00f3n.<\/p>\n<p>En caso de lluvias se postergar\u00e1 hasta pr\u00f3ximo aviso.<\/p>\n","protected":false},"excerpt":{"rendered":"<p>El d\u00eda s\u00e1bado 1 de diciembre se realizar\u00e1 un corte de energ\u00eda programado entre las 13:30 y las 16:30 hs. Este corte abarcar\u00e1 toda la zona urbana, el \u00e1rea industrial y la zona rural completa, ya que se estar\u00e1n haciendo tareas de mantenimiento preventivo sobre la doble terna,\u00a0 subestaci\u00f3n y l\u00edneas de media tensi\u00f3n. En <a href=\"https:\/\/armstrongyregion.com.ar\/diario\/armstrong-corte-de-luz-programado-para-el-dia-1-de-diciembre\/\" title=\"Read more\" >&#8230;<\/a><\/p>\n","protected":false},"author":1,"featured_media":19585,"comment_status":"open","ping_status":"open","sticky":false,"template":"","format":"standard","meta":{"_jetpack_memberships_contains_paid_content":false,"footnotes":"","jetpack_publicize_message":"","jetpack_publicize_feature_enabled":true,"jetpack_social_post_already_shared":false,"jetpack_social_options":{"image_generator_settings":{"template":"highway","default_image_id":0,"enabled":false},"version":2}},"categories":[8,1,2],"tags":[7379],"class_list":["post-19584","post","type-post","status-publish","format-standard","has-post-thumbnail","hentry","category-deliberando","category-diario-armstrong","category-locales","tag-armstrong-corte-de-luz-programado-para-el-dia-1-de-diciembre"],"jetpack_publicize_connections":[],"jetpack_featured_media_url":"https:\/\/armstrongyregion.com.ar\/diario\/wp-content\/uploads\/2018\/11\/Cooperativa1.jpg","jetpack_shortlink":"https:\/\/wp.me\/p62QDO-55S","jetpack_sharing_enabled":true,"amp_enabled":true,"_links":{"self":[{"href":"https:\/\/armstrongyregion.com.ar\/diario\/wp-json\/wp\/v2\/posts\/19584","targetHints":{"allow":["GET"]}}],"collection":[{"href":"https:\/\/armstrongyregion.com.ar\/diario\/wp-json\/wp\/v2\/posts"}],"about":[{"href":"https:\/\/armstrongyregion.com.ar\/diario\/wp-json\/wp\/v2\/types\/post"}],"author":[{"embeddable":true,"href":"https:\/\/armstrongyregion.com.ar\/diario\/wp-json\/wp\/v2\/users\/1"}],"replies":[{"embeddable":true,"href":"https:\/\/armstrongyregion.com.ar\/diario\/wp-json\/wp\/v2\/comments?post=19584"}],"version-history":[{"count":0,"href":"https:\/\/armstrongyregion.com.ar\/diario\/wp-json\/wp\/v2\/posts\/19584\/revisions"}],"wp:featuredmedia":[{"embeddable":true,"href":"https:\/\/armstrongyregion.com.ar\/diario\/wp-json\/wp\/v2\/media\/19585"}],"wp:attachment":[{"href":"https:\/\/armstrongyregion.com.ar\/diario\/wp-json\/wp\/v2\/media?parent=19584"}],"wp:term":[{"taxonomy":"category","embeddable":true,"href":"https:\/\/armstrongyregion.com.ar\/diario\/wp-json\/wp\/v2\/categories?post=19584"},{"taxonomy":"post_tag","embeddable":true,"href":"https:\/\/armstrongyregion.com.ar\/diario\/wp-json\/wp\/v2\/tags?post=19584"}],"curies":[{"name":"wp","href":"https:\/\/api.w.org\/{rel}","templated":true}]}}