{"id":1952,"date":"2015-04-29T12:49:58","date_gmt":"2015-04-29T12:49:58","guid":{"rendered":"https:\/\/armstrongyregion.com.ar\/diario\/?p=1952"},"modified":"2015-04-29T12:49:58","modified_gmt":"2015-04-29T12:49:58","slug":"29-de-abril-dia-del-animal","status":"publish","type":"post","link":"https:\/\/armstrongyregion.com.ar\/diario\/29-de-abril-dia-del-animal\/","title":{"rendered":"29 de Abril: D\u00eda del Animal."},"content":{"rendered":"<p><a href=\"http:\/\/armstrongyregion.com.ar\/diario\/wp-content\/uploads\/2015\/04\/images.jpg\"><img loading=\"lazy\" decoding=\"async\" src=\"http:\/\/armstrongyregion.com.ar\/diario\/wp-content\/uploads\/2015\/04\/images.jpg\" alt=\"dia animal.\" width=\"244\" height=\"207\" class=\"alignnone size-full wp-image-1953\" \/><\/a>Hoy es el D\u00eda Mundial de los  Animales, la fecha en que celebramos la vida animal en todas sus formas. El d\u00eda fue elegido en honor a San Francisco de As\u00eds, el primer humano que se concibi\u00f3 a s\u00ed mismo en relaci\u00f3n con las criaturas de todas las especies.<br \/>\nEl 4 de octubre de 1929 en Viena, la Organizaci\u00f3n Mundial de la Salud anunci\u00f3 que la fecha ser\u00eda oficial. M\u00e1s tarde, en 1980, los cat\u00f3licos, encabezados entonces por Juan Pablo II, declararon a Francisco de As\u00eds santo patrono de animales y ecologistas.<br \/>\nLa Municipalidad de Armstrong adhiere a esta fecha sosteniendo el trabajo y el concepto de una Tenencia Responsable de animales con el objetivo de una mejor convivencia ciudadana.<br \/>\n\u201cSi tienes hombres que excluyan a alguna de las criaturas de Dios del refugio de la compasi\u00f3n y la pena, tendr\u00e1s hombres que interactuar\u00e1n de igual modo con sus semejantes humanos.\u201d San Francisco de As\u00eds.<\/p>\n","protected":false},"excerpt":{"rendered":"<p>Hoy es el D\u00eda Mundial de los Animales, la fecha en que celebramos la vida animal en todas sus formas. El d\u00eda fue elegido en honor a San Francisco de As\u00eds, el primer humano que se concibi\u00f3 a s\u00ed mismo en relaci\u00f3n con las criaturas de todas las especies. El 4 de octubre de 1929 <a href=\"https:\/\/armstrongyregion.com.ar\/diario\/29-de-abril-dia-del-animal\/\" title=\"Read more\" >&#8230;<\/a><\/p>\n","protected":false},"author":2,"featured_media":1953,"comment_status":"open","ping_status":"open","sticky":false,"template":"","format":"standard","meta":{"_jetpack_memberships_contains_paid_content":false,"footnotes":"","jetpack_publicize_message":"","jetpack_publicize_feature_enabled":true,"jetpack_social_post_already_shared":false,"jetpack_social_options":{"image_generator_settings":{"template":"highway","default_image_id":0,"enabled":false},"version":2}},"categories":[1,2],"tags":[1575,1314,1576,19,53,793],"class_list":["post-1952","post","type-post","status-publish","format-standard","has-post-thumbnail","hentry","category-diario-armstrong","category-locales","tag-1575","tag-abril","tag-animal","tag-de","tag-del","tag-dia"],"jetpack_publicize_connections":[],"jetpack_featured_media_url":"https:\/\/armstrongyregion.com.ar\/diario\/wp-content\/uploads\/2015\/04\/images.jpg","jetpack_shortlink":"https:\/\/wp.me\/p62QDO-vu","jetpack_sharing_enabled":true,"amp_enabled":true,"_links":{"self":[{"href":"https:\/\/armstrongyregion.com.ar\/diario\/wp-json\/wp\/v2\/posts\/1952","targetHints":{"allow":["GET"]}}],"collection":[{"href":"https:\/\/armstrongyregion.com.ar\/diario\/wp-json\/wp\/v2\/posts"}],"about":[{"href":"https:\/\/armstrongyregion.com.ar\/diario\/wp-json\/wp\/v2\/types\/post"}],"author":[{"embeddable":true,"href":"https:\/\/armstrongyregion.com.ar\/diario\/wp-json\/wp\/v2\/users\/2"}],"replies":[{"embeddable":true,"href":"https:\/\/armstrongyregion.com.ar\/diario\/wp-json\/wp\/v2\/comments?post=1952"}],"version-history":[{"count":0,"href":"https:\/\/armstrongyregion.com.ar\/diario\/wp-json\/wp\/v2\/posts\/1952\/revisions"}],"wp:featuredmedia":[{"embeddable":true,"href":"https:\/\/armstrongyregion.com.ar\/diario\/wp-json\/wp\/v2\/media\/1953"}],"wp:attachment":[{"href":"https:\/\/armstrongyregion.com.ar\/diario\/wp-json\/wp\/v2\/media?parent=1952"}],"wp:term":[{"taxonomy":"category","embeddable":true,"href":"https:\/\/armstrongyregion.com.ar\/diario\/wp-json\/wp\/v2\/categories?post=1952"},{"taxonomy":"post_tag","embeddable":true,"href":"https:\/\/armstrongyregion.com.ar\/diario\/wp-json\/wp\/v2\/tags?post=1952"}],"curies":[{"name":"wp","href":"https:\/\/api.w.org\/{rel}","templated":true}]}}