{"id":1949,"date":"2015-04-29T12:45:41","date_gmt":"2015-04-29T12:45:41","guid":{"rendered":"https:\/\/armstrongyregion.com.ar\/diario\/?p=1949"},"modified":"2015-04-29T12:45:41","modified_gmt":"2015-04-29T12:45:41","slug":"el-viernes-1-de-mayo-habra-recoleccion-de-residuos","status":"publish","type":"post","link":"https:\/\/armstrongyregion.com.ar\/diario\/el-viernes-1-de-mayo-habra-recoleccion-de-residuos\/","title":{"rendered":"El viernes 1 de mayo habr\u00e1 recolecci\u00f3n de residuos."},"content":{"rendered":"<p><a href=\"http:\/\/armstrongyregion.com.ar\/diario\/wp-content\/uploads\/2015\/04\/recoleccion..jpg\"><img loading=\"lazy\" decoding=\"async\" src=\"http:\/\/armstrongyregion.com.ar\/diario\/wp-content\/uploads\/2015\/04\/recoleccion..jpg\" alt=\"recoleccion.\" width=\"300\" height=\"168\" class=\"alignnone size-full wp-image-1950\" \/><\/a>La Municipalidad de Armstrong a trav\u00e9s de la Secretar\u00eda de Obras y Servicios P\u00fablicos informa que el viernes 1 de mayo, feriado debido al D\u00eda del Trabajador, la recolecci\u00f3n de residuos se llevar\u00e1 a cabo de manera normal, en los horarios habituales. <\/p>\n","protected":false},"excerpt":{"rendered":"<p>La Municipalidad de Armstrong a trav\u00e9s de la Secretar\u00eda de Obras y Servicios P\u00fablicos informa que el viernes 1 de mayo, feriado debido al D\u00eda del Trabajador, la recolecci\u00f3n de residuos se llevar\u00e1 a cabo de manera normal, en los horarios habituales.<\/p>\n","protected":false},"author":2,"featured_media":1950,"comment_status":"open","ping_status":"open","sticky":false,"template":"","format":"standard","meta":{"_jetpack_memberships_contains_paid_content":false,"footnotes":"","jetpack_publicize_message":"","jetpack_publicize_feature_enabled":true,"jetpack_social_post_already_shared":false,"jetpack_social_options":{"image_generator_settings":{"template":"highway","default_image_id":0,"enabled":false},"version":2}},"categories":[1,2],"tags":[1398,19,16,843,1449,730,731,513],"class_list":["post-1949","post","type-post","status-publish","format-standard","has-post-thumbnail","hentry","category-diario-armstrong","category-locales","tag-1398","tag-de","tag-el","tag-habra","tag-mayo","tag-recoleccion","tag-residuos","tag-viernes"],"jetpack_publicize_connections":[],"jetpack_featured_media_url":"https:\/\/armstrongyregion.com.ar\/diario\/wp-content\/uploads\/2015\/04\/recoleccion..jpg","jetpack_shortlink":"https:\/\/wp.me\/p62QDO-vr","jetpack_sharing_enabled":true,"amp_enabled":true,"_links":{"self":[{"href":"https:\/\/armstrongyregion.com.ar\/diario\/wp-json\/wp\/v2\/posts\/1949","targetHints":{"allow":["GET"]}}],"collection":[{"href":"https:\/\/armstrongyregion.com.ar\/diario\/wp-json\/wp\/v2\/posts"}],"about":[{"href":"https:\/\/armstrongyregion.com.ar\/diario\/wp-json\/wp\/v2\/types\/post"}],"author":[{"embeddable":true,"href":"https:\/\/armstrongyregion.com.ar\/diario\/wp-json\/wp\/v2\/users\/2"}],"replies":[{"embeddable":true,"href":"https:\/\/armstrongyregion.com.ar\/diario\/wp-json\/wp\/v2\/comments?post=1949"}],"version-history":[{"count":0,"href":"https:\/\/armstrongyregion.com.ar\/diario\/wp-json\/wp\/v2\/posts\/1949\/revisions"}],"wp:featuredmedia":[{"embeddable":true,"href":"https:\/\/armstrongyregion.com.ar\/diario\/wp-json\/wp\/v2\/media\/1950"}],"wp:attachment":[{"href":"https:\/\/armstrongyregion.com.ar\/diario\/wp-json\/wp\/v2\/media?parent=1949"}],"wp:term":[{"taxonomy":"category","embeddable":true,"href":"https:\/\/armstrongyregion.com.ar\/diario\/wp-json\/wp\/v2\/categories?post=1949"},{"taxonomy":"post_tag","embeddable":true,"href":"https:\/\/armstrongyregion.com.ar\/diario\/wp-json\/wp\/v2\/tags?post=1949"}],"curies":[{"name":"wp","href":"https:\/\/api.w.org\/{rel}","templated":true}]}}