{"id":19467,"date":"2018-11-19T23:03:50","date_gmt":"2018-11-19T23:03:50","guid":{"rendered":"https:\/\/armstrongyregion.com.ar\/diario\/?p=19467"},"modified":"2018-11-19T23:03:50","modified_gmt":"2018-11-19T23:03:50","slug":"armstrong-sorteo-de-la-escuela-no-2100-gabriela-brimmer","status":"publish","type":"post","link":"https:\/\/armstrongyregion.com.ar\/diario\/armstrong-sorteo-de-la-escuela-no-2100-gabriela-brimmer\/","title":{"rendered":"Armstrong. Sorteo de la Escuela N\u00ba 2100 \u201cGabriela Brimmer\u201d."},"content":{"rendered":"<p><a href=\"http:\/\/armstrongyregion.com.ar\/diario\/wp-content\/uploads\/2018\/11\/gabrielabrimmer-18.jpg\"><img loading=\"lazy\" decoding=\"async\" class=\"alignnone size-full wp-image-19468\" src=\"http:\/\/armstrongyregion.com.ar\/diario\/wp-content\/uploads\/2018\/11\/gabrielabrimmer-18.jpg\" alt=\"gabrielabrimmer-18\" width=\"800\" height=\"445\" srcset=\"https:\/\/armstrongyregion.com.ar\/diario\/wp-content\/uploads\/2018\/11\/gabrielabrimmer-18.jpg 800w, https:\/\/armstrongyregion.com.ar\/diario\/wp-content\/uploads\/2018\/11\/gabrielabrimmer-18-300x167.jpg 300w\" sizes=\"auto, (max-width: 800px) 100vw, 800px\" \/><\/a>En la noche del domingo en Plaza San Mart\u00edn se llev\u00f3 a cabo el sorteo de la Rifa de la Escuela \u201cGabriela Brimmer\u201d N\u00ba 2100 de la ciudad de Armstrong. La comunidad de Armstrong,\u00a0se lleg\u00f3 hasta la Plaza San Mart\u00edn para compartir como todos los a\u00f1os los n\u00fameros art\u00edsticos y los 61 premios que estaban esperando en el lugar para que los felices participantes se los llevaran.<\/p>\n<p>El servicio de buffet trabajo incansablemente debido a que la noche brillaba con un clima ideal.<\/p>\n<p>Desde la Camara del Senado, se le hizo entrega de un dinero a la cooperadora de la instituci\u00f3n el cu\u00e1l se hab\u00eda solicitado al Legislador G. Cornaglia quien se presento e hizo entrega del aporte.<\/p>\n<p>Entre n\u00fameros art\u00edsticos se fueron realizando los sorteos\u00a0 donde detallamos a los ganadores a continuaci\u00f3n:<\/p>\n<p><a title=\"\" href=\"http:\/\/fmsolarmstrong.com\/wp-content\/uploads\/2018\/11\/20181118_203656.jpg\" data-rel=\"lightbox-image-0\" data-rl_title=\"\" data-rl_caption=\"\"><img loading=\"lazy\" decoding=\"async\" class=\"size-medium wp-image-1409 alignleft\" src=\"http:\/\/fmsolarmstrong.com\/wp-content\/uploads\/2018\/11\/20181118_203656-300x169.jpg\" sizes=\"auto, (max-width: 300px) 100vw, 300px\" srcset=\"http:\/\/fmsolarmstrong.com\/wp-content\/uploads\/2018\/11\/20181118_203656-300x169.jpg 300w, http:\/\/fmsolarmstrong.com\/wp-content\/uploads\/2018\/11\/20181118_203656-768x432.jpg 768w, http:\/\/fmsolarmstrong.com\/wp-content\/uploads\/2018\/11\/20181118_203656-1024x576.jpg 1024w\" alt=\"\" width=\"300\" height=\"169\" \/><\/a>1\u00ba Moto Honda Scoter PCX 150\u00a0 \u2013 N\u00ba 355\u00a0 Claudia Micucci<br \/>\n2\u00ba Moto Yamaha FZKF1\u00a0 \u2013\u00a0 N\u00ba 553\u00a0 Adalberto Galetti<br \/>\n3\u00ba Moto onda XR 150L\u00a0 \u2013\u00a0 N\u00ba 293 Juan Carlos Elorriaga<br \/>\n4\u00ba Moto onda XR 150L\u00a0 \u2013 N\u00ba 105\u00a0 Gustavo Macellari<br \/>\n5\u00ba Moto Honda New CG-150 C.C.\u00a0 \u2013\u00a0 N\u00ba 583\u00a0 Stella Maris Fernandez<br \/>\n6\u00ba Moto Honda New Biz 125 C.C.\u00a0 \u2013\u00a0 N\u00ba 982\u00a0 Anal\u00eda Bonacorso<br \/>\n7\u00ba Moto Honda New Biz 125 C.C.\u00a0 \u2013\u00a0 N\u00ba 699\u00a0 Marisa D\u00edaz\u00a0 y Vilma Vergara<br \/>\n8\u00ba Moto Guerrero Trip TBA\u00a0 \u2013\u00a0 N\u00ba 898\u00a0 Marta Marzorati<br \/>\n9\u00ba\u00a0 Moto Guerrero Trip TBA\u00a0 \u2013 N\u00ba 679 Andrea Tognetti<br \/>\n10\u00ba\u00a0 Moto Guerrero Trip TBA\u00a0 \u2013 N\u00ba Silvina Petrocchi y Nancy Salas<br \/>\n11\u00ba\u00a0 Moto Guerrero Trip TBA\u00a0 \u2013\u00a0 N\u00ba Lucas Montenegro<br \/>\n12\u00ba\u00a0 Moto Guerrero Trip TBA\u00a0\u00a0 \u2013 N\u00ba 272\u00a0 Rosa Cima<br \/>\n13\u00ba Moto Guerrero Econo DBA 110 C.C.\u00a0 \u2013 N\u00ba 582\u00a0 Marisol Elorriaga<br \/>\n14\u00ba Moto Guerrero Econo DBA 110 C.C.\u00a0\u00a0 \u2013\u00a0 N\u00ba 531\u00a0 Romina Di Batista<br \/>\n15\u00ba Moto Guerrero Econo DBA 110 C.C.\u00a0 \u2013 N\u00ba 571\u00a0 Josefina Le\u00f3n<br \/>\n<a title=\"\" href=\"http:\/\/fmsolarmstrong.com\/wp-content\/uploads\/2018\/11\/20181118_203719.jpg\" data-rel=\"lightbox-image-1\" data-rl_title=\"\" data-rl_caption=\"\"><img loading=\"lazy\" decoding=\"async\" class=\"size-medium wp-image-1410 alignleft\" src=\"http:\/\/fmsolarmstrong.com\/wp-content\/uploads\/2018\/11\/20181118_203719-300x169.jpg\" sizes=\"auto, (max-width: 300px) 100vw, 300px\" srcset=\"http:\/\/fmsolarmstrong.com\/wp-content\/uploads\/2018\/11\/20181118_203719-300x169.jpg 300w, http:\/\/fmsolarmstrong.com\/wp-content\/uploads\/2018\/11\/20181118_203719-768x432.jpg 768w, http:\/\/fmsolarmstrong.com\/wp-content\/uploads\/2018\/11\/20181118_203719-1024x576.jpg 1024w\" alt=\"\" width=\"300\" height=\"169\" \/><\/a>16\u00ba TV Noblex 50\u00b4Smart\u00a0 \u2013\u00a0 N\u00ba 765\u00a0 Ana Laura Citadini<br \/>\n17\u00ba TV Noblex 43\u00b4Smart 43X5100\u00a0 \u2013 N\u00ba 611\u00a0 Pablo Chiurchiu<br \/>\n18\u00ba 1 Heladera\u00a0 \u2013\u00a0 N\u00ba 000\u00a0 Mar\u00eda Virginia Medina<br \/>\n19\u00ba Mesa de Jard\u00edn + 6 sillas\u00a0 \u2013\u00a0 N\u00ba 090\u00a0 Mar\u00eda del Rosario G\u00f3mez<br \/>\n20\u00ba PC Escritorio + Monitor Samsung 19\u00b4\u00a0 \u2013\u00a0 N\u00ba Erica Ricchesse<br \/>\n21\u00ba Aire Acondicionado Split\u00a0 \u2013\u00a0 N\u00ba 504\u00a0 Nora Caldo<br \/>\n22\u00ba Cortadora de C\u00e9sped Explosi\u00f3n\u00a0 \u2013\u00a0 N\u00ba 695\u00a0 Nelly Moretti<br \/>\n23\u00ba Bicicleta Grobom todo terreno\u00a0 \u2013 N\u00ba 685\u00a0 Nerina Bellino<br \/>\n24\u00ba Frezzer Briquet 230 lts.\u00a0 \u2013\u00a0 N\u00ba 812\u00a0 Vilma V\u00edpera<br \/>\n25\u00ba Frezzer Gafa\u00a0 \u2013\u00a0 N\u00ba 487\u00a0 Asoc. Bomberos Voluntarios de Armstrong<br \/>\n26\u00ba\u00a0 Heladera Briket\u00a0 \u2013\u00a0 N\u00ba 567\u00a0 Aline Zeballos<br \/>\n27\u00ba Heladera Briket\u00a0 \u2013\u00a0 N\u00ba 331\u00a0 Joel Heck<br \/>\n28\u00ba Lavarropa Drean Concept\u00a0 \u2013\u00a0 N\u00ba 724\u00a0 Carina Airasca<br \/>\n29\u00ba Minicomponente Noblex\u00a0 \u2013\u00a0 N\u00ba 880\u00a0 Jerem\u00edas Nu\u00f1ez<br \/>\n30\u00ba TV 32\u00b4Smart\u00a0 \u2013\u00a0 N\u00ba 805\u00a0 Adelqui Sachi<br \/>\n31\u00ba Sommier 2 plazas\u00a0 \u2013\u00a0 N\u00ba 135\u00a0 Juan Pablo Meneguetti<br \/>\n32\u00ba Cocina Escorial\u00a0 \u2013\u00a0 N\u00ba 316 Ricardo Pluss<br \/>\n33\u00ba Sommier 1 plaza\u00a0 \u2013\u00a0 N\u00ba\u00a0 Marta Dick<br \/>\n34\u00ba Hidrolavadora\u00a0 1600 SL\u00a0 \u2013\u00a0 N\u00ba 059\u00a0 Magal\u00ed Rodriguez<\/p>\n<p>35\u00ba Torre de audio 1000W\u00a0 \u2013\u00a0 N\u00ba 449\u00a0 Liliana Duvini y Cristina Marinsalda<br \/>\n36\u00ba Bicicleta Gribom playera\u00a0 \u2013\u00a0 N\u00ba 801 Horacio Corradi<br \/>\n37\u00ba Lavarropa Drean Family\u00a0 \u2013\u00a0 N\u00ba 716\u00a0 Sergio Duvini<br \/>\n38\u00ba Maquina de coser Singer\u00a0 \u2013\u00a0 N\u00ba 116\u00a0 Adriana Tazzone<br \/>\n39\u00ba Set Minipimer +Pava El\u00e9ctrica+Plancha Atma+Tostadora Atma\u00a0 \u2013\u00a0 N\u00ba\u00a0 215\u00a0 Ivette Sett<br \/>\n40\u00ba Desmalezadora explosi\u00f3n\u00a0 \u2013\u00a0 N\u00ba 947\u00a0 Marta P\u00e9rez<br \/>\n41\u00ba Horno Microondas\u00a0 \u2013 N\u00ba 970\u00a0 Julio Biondo<br \/>\n42\u00ba Amoladora+Atornillador+taladro\u00a0 \u2013\u00a0 N\u00ba 712\u00a0 Gabriel Fabro<br \/>\n43\u00ba Termotanque 45 lts.\u00a0 -N\u00ba 107\u00a0 Marcos Bredice<br \/>\n44\u00ba Sopladora Aspiradora\u00a0 \u2013\u00a0 N\u00ba 151\u00a0 Patricia Taborda<br \/>\n45\u00ba 2 Reposera de aluminio+ Conservadora+Bidon\u00a0 \u2013\u00a0 N\u00ba 445\u00a0 Teresa Abrate<br \/>\n46\u00ba Aspiradora Kacher\u00a0 \u2013\u00a0 N\u00ba\u00a0 469\u00a0 Mauro Barcelotti<br \/>\n47\u00ba Luz de emergencia+ Licuadora\u00a0 \u2013\u00a0 N\u00ba 776 Emilia Borda Bossana<br \/>\n48\u00ba Bateria de cocina\u00a0 \u2013\u00a0 N\u00ba 622\u00a0 Maria Soledad Galvano<br \/>\n49\u00ba Batidora con bols\u00a0 \u2013\u00a0 N\u00ba\u00a0 560\u00a0 Mercedes Colombo<br \/>\n50\u00ba Cortadora de cesped\u00a0 \u2013\u00a0 N\u00ba 927\u00a0 Beatriz Ferreyra<br \/>\n51\u00ba Lavarropa Drean\u00a0 \u2013\u00a0 N\u00ba 682\u00a0 Plastrong S.R.L.<br \/>\n52\u00ba Tablet 10\u00b4271\u00a0 \u2013\u00a0 N\u00ba 271 Emanuel Torresan<br \/>\n53\u00ba Impresora Samsung\u00a0 \u2013\u00a0 N\u00ba 847\u00a0 Laureano Gutierrez<br \/>\n54\u00ba Calefactor Coppens\u00a0 \u2013\u00a0 N\u00ba 443\u00a0 Sebastian Tabella<br \/>\n55\u00ba Horno electrico Atma\u00a0 \u2013\u00a0 N\u00ba 675\u00a0 Valeria Mart\u00ednez<\/p>\n<p>56\u00ba Cafetera Atma Express\u00a0 \u2013\u00a0 N\u00ba 745 Carmen Gutierrez<br \/>\n57\u00ba Pava Electrica+Cafetera Atma\u00a0 \u2013\u00a0 N\u00ba 259\u00a0 Marta Richi<br \/>\n58\u00ba Pileta Pelopincho\u00a0 \u2013\u00a0 N\u00ba 228\u00a0 Carlos Corsetti<br \/>\n59\u00ba Valija ELF\u00a0 \u2013\u00a0 N\u00ba 805\u00a0 Adelqui Sachi<br \/>\n60\u00ba Secarropas Steel Home\u00a0 \u2013\u00a0 N\u00ba 485\u00a0 Miriam Barrera<br \/>\n61\u00ba Secarropas Steel Home\u00a0 \u2013\u00a0 N\u00ba 133\u00a0 Olga Isabel Gervan<\/p>\n<p>Fuente: Fm Sol- Armstrong.<\/p>\n","protected":false},"excerpt":{"rendered":"<p>En la noche del domingo en Plaza San Mart\u00edn se llev\u00f3 a cabo el sorteo de la Rifa de la Escuela \u201cGabriela Brimmer\u201d N\u00ba 2100 de la ciudad de Armstrong. La comunidad de Armstrong,\u00a0se lleg\u00f3 hasta la Plaza San Mart\u00edn para compartir como todos los a\u00f1os los n\u00fameros art\u00edsticos y los 61 premios que estaban <a href=\"https:\/\/armstrongyregion.com.ar\/diario\/armstrong-sorteo-de-la-escuela-no-2100-gabriela-brimmer\/\" title=\"Read more\" >&#8230;<\/a><\/p>\n","protected":false},"author":1,"featured_media":19468,"comment_status":"open","ping_status":"open","sticky":false,"template":"","format":"standard","meta":{"_jetpack_memberships_contains_paid_content":false,"footnotes":"","jetpack_publicize_message":"","jetpack_publicize_feature_enabled":true,"jetpack_social_post_already_shared":false,"jetpack_social_options":{"image_generator_settings":{"template":"highway","default_image_id":0,"enabled":false},"version":2}},"categories":[6,8,1,2],"tags":[7342],"class_list":["post-19467","post","type-post","status-publish","format-standard","has-post-thumbnail","hentry","category-cultura-entretenimiento","category-deliberando","category-diario-armstrong","category-locales","tag-sorteo-de-la-escuela-no-2100-gabriela-brimmer"],"jetpack_publicize_connections":[],"jetpack_featured_media_url":"https:\/\/armstrongyregion.com.ar\/diario\/wp-content\/uploads\/2018\/11\/gabrielabrimmer-18.jpg","jetpack_shortlink":"https:\/\/wp.me\/p62QDO-53Z","jetpack_sharing_enabled":true,"amp_enabled":true,"_links":{"self":[{"href":"https:\/\/armstrongyregion.com.ar\/diario\/wp-json\/wp\/v2\/posts\/19467","targetHints":{"allow":["GET"]}}],"collection":[{"href":"https:\/\/armstrongyregion.com.ar\/diario\/wp-json\/wp\/v2\/posts"}],"about":[{"href":"https:\/\/armstrongyregion.com.ar\/diario\/wp-json\/wp\/v2\/types\/post"}],"author":[{"embeddable":true,"href":"https:\/\/armstrongyregion.com.ar\/diario\/wp-json\/wp\/v2\/users\/1"}],"replies":[{"embeddable":true,"href":"https:\/\/armstrongyregion.com.ar\/diario\/wp-json\/wp\/v2\/comments?post=19467"}],"version-history":[{"count":0,"href":"https:\/\/armstrongyregion.com.ar\/diario\/wp-json\/wp\/v2\/posts\/19467\/revisions"}],"wp:featuredmedia":[{"embeddable":true,"href":"https:\/\/armstrongyregion.com.ar\/diario\/wp-json\/wp\/v2\/media\/19468"}],"wp:attachment":[{"href":"https:\/\/armstrongyregion.com.ar\/diario\/wp-json\/wp\/v2\/media?parent=19467"}],"wp:term":[{"taxonomy":"category","embeddable":true,"href":"https:\/\/armstrongyregion.com.ar\/diario\/wp-json\/wp\/v2\/categories?post=19467"},{"taxonomy":"post_tag","embeddable":true,"href":"https:\/\/armstrongyregion.com.ar\/diario\/wp-json\/wp\/v2\/tags?post=19467"}],"curies":[{"name":"wp","href":"https:\/\/api.w.org\/{rel}","templated":true}]}}