{"id":19458,"date":"2018-11-17T00:27:33","date_gmt":"2018-11-17T00:27:33","guid":{"rendered":"https:\/\/armstrongyregion.com.ar\/diario\/?p=19458"},"modified":"2018-11-17T00:27:33","modified_gmt":"2018-11-17T00:27:33","slug":"tangos-e-historias-tertulias-en-casa-del-bicentenario","status":"publish","type":"post","link":"https:\/\/armstrongyregion.com.ar\/diario\/tangos-e-historias-tertulias-en-casa-del-bicentenario\/","title":{"rendered":"Tangos e Historias. \u00abTertulias en Casa del Bicentenario\u00bb."},"content":{"rendered":"<div>\n<div>\n<div>\n<div class=\"m_8589852183739810749ydp536bc3a9yahoo-style-wrap\">\n<p class=\"m_8589852183739810749ydpead1d5ddMsoNormal\"><a href=\"http:\/\/armstrongyregion.com.ar\/diario\/wp-content\/uploads\/2018\/11\/Tertulia-tango-.jpeg\"><img loading=\"lazy\" decoding=\"async\" class=\"alignnone size-full wp-image-19459\" src=\"http:\/\/armstrongyregion.com.ar\/diario\/wp-content\/uploads\/2018\/11\/Tertulia-tango-.jpeg\" alt=\"Tertulia-tango-\" width=\"768\" height=\"543\" srcset=\"https:\/\/armstrongyregion.com.ar\/diario\/wp-content\/uploads\/2018\/11\/Tertulia-tango-.jpeg 768w, https:\/\/armstrongyregion.com.ar\/diario\/wp-content\/uploads\/2018\/11\/Tertulia-tango--300x212.jpeg 300w\" sizes=\"auto, (max-width: 768px) 100vw, 768px\" \/><\/a>Este pr\u00f3ximo jueves 22 de noviembre a partir de las 20.30, en Casa del Bicentenario, se presentar\u00e1 la \u00faltima Tertulia con M\u00fasica e Historia de la Temporada 2018. Esta vez con la presentaci\u00f3n S\u00f3nico Tr\u00edo Tango en la parte musical y Pablo Di Tomaso disertando sobre historia ca\u00f1adense.<\/p>\n<p class=\"m_8589852183739810749ydpead1d5ddMsoNormal\">El historiador Pablo Di Tomaso trabaja desde el a\u00f1o 2009 en el Museo Hist\u00f3rico Municipal El\u00edas Bertola, el cu\u00e1l coordina desde el a\u00f1o 2012. Ha publicado m\u00e1s de doscientas cr\u00f3nicas hist\u00f3ricas en medios como Estrella de la Ma\u00f1ana, Otrodia.com, DiarioCa\u00f1ada.com, Armstrong y la Regi\u00f3n y en su blog personal Pablo Di Tomaso una Historia Diferente. La disertaci\u00f3n La\u00a0<b>Ca\u00f1ada de 900<\/b>\u00a0ser\u00e1 un breve repaso de los hechos relevantes de los comienzos del pueblo y sus instituciones.<\/p>\n<p class=\"m_8589852183739810749ydpead1d5ddMsoNormal\">El cierre estar\u00e1 a cargo del Tr\u00edo de Tango S\u00f3nico, integrado por Julia Mart\u00ednez en contrabajo, Yanina Bolognese en piano y Sebasti\u00e1n Jarupkin en bandone\u00f3n. La primera de las citadas es docente y directora de la Orquesta Infanto Juvenil \u201cEl Tri\u00e1ngulo\u201d. Estudi\u00f3 contrabajo en la Escuela de M\u00fasica de la UNR. Tom\u00f3 cursos de contrabajo en Tango con Sergio Rivas, Horacio Cabarcos y Juan Pablo Navarros. Integr\u00f3 la\u00a0\u00a0Orquesta Escuela de Tango, la Orquesta de Se\u00f1oritas, el Trio \u201cRodolfo Cholo Montironi\u201d y el Quintegaseto. Realiz\u00f3 giras europeas con Orquesta de Se\u00f1oritas (2015-2016) y con el Trio \u201cTango de Cot\u00e8\u201d B\u00e9lgica (2017). Yanina Bolognese es pianista, cantante y compositora. Egres\u00f3 como Licenciada y Profesora de piano de la UNR. Estudi\u00f3 canto con Noelia Moncada y Ariadna de Naxos. Gan\u00f3 la beca Martha Argerich para estudiar y tocar en Suiza y la del Mozarteum para estudiar en Bs As. Realiz\u00f3 giras europeas con la Orq. de Se\u00f1oritas (tango) y por Latinoam\u00e9rica con Sauce Rojo (folclore). Es docente de piano en la UNR, la Esc. Municipal y el Prof. de M\u00fasica Provincial. Por su parte, Sebastian Jarupkin es bandoneonista, compositor y director. Actualmente, trabaja como preparador de la fila de bandoneones de la \u00abOrquesta Escuela de Tango de la Municipalidad de Rosario\u00bb, es docente de bandone\u00f3n en el conservatorio \u00abJ. C. Paz\u00bb de la ciudad de Pergamino, e integra, como bandoneonista y director musical la \u00abOrquesta Ut\u00f3pica\u00bb. Se ha presentado en teatros y salas de Espa\u00f1a, Italia, Inglaterra, Alemania, Suiza, Francia, Escocia, Pakist\u00e1n y Rumania.<\/p>\n<p class=\"m_8589852183739810749ydpead1d5ddMsoNormal\">Este tr\u00edo\u00a0\u00a0nace del deseo de sus integrantes de explorar las particularidades t\u00edmbricas y expresivas que ofrece esta formaci\u00f3n, la cual ha reunido a grandes int\u00e9rpretes en la historia del tango. Este proyecto est\u00e1 formado por m\u00fasicos de gran trayectoria en el pa\u00eds y en el extranjero, cuyos caminos se han cruzado previamente en otras agrupaciones de la escena musical rosarina. El tr\u00edo propone un repertorio de arreglos originales, en una b\u00fasqueda de sonido propio y desde una perspectiva generacional actual, donde la potencia del g\u00e9nero se ve proyectada en su m\u00e1xima expresi\u00f3n estil\u00edstica. Se han presentado en el gran sal\u00f3n de Plataforma Lavarden, Rosario 2018; galp\u00f3n de La Juventud, en el marco del XIV Encuentro Metropolitano de Tango, Rosario 2018; galp\u00f3n de la m\u00fasica, en el marco del XIII Encuentro Metropolitano de Tango, Rosario 2017; teatro Municipal 1ro de Mayo, en el marco del Primer Festival de Tango de la ciudad de Santa Fe, 2017;\u00a0\u00a0en la\u00a0\u00a0Casa del Tango de la ciudad de Rosario, 2017;\u00a0\u00a0en la Sala Amigos del Arte, Rosario 2017 y en el\u00a0\u00a0Centro Cultural \u201cEl espiral\u201d, Rosario 2017.<\/p>\n<\/div>\n<\/div>\n<\/div>\n<\/div>\n<div class=\"iX\">&#8230;<\/div>\n","protected":false},"excerpt":{"rendered":"<p>Este pr\u00f3ximo jueves 22 de noviembre a partir de las 20.30, en Casa del Bicentenario, se presentar\u00e1 la \u00faltima Tertulia con M\u00fasica e Historia de la Temporada 2018. Esta vez con la presentaci\u00f3n S\u00f3nico Tr\u00edo Tango en la parte musical y Pablo Di Tomaso disertando sobre historia ca\u00f1adense. El historiador Pablo Di Tomaso trabaja desde <a href=\"https:\/\/armstrongyregion.com.ar\/diario\/tangos-e-historias-tertulias-en-casa-del-bicentenario\/\" title=\"Read more\" >&#8230;<\/a><\/p>\n","protected":false},"author":1,"featured_media":19459,"comment_status":"open","ping_status":"open","sticky":false,"template":"","format":"standard","meta":{"_jetpack_memberships_contains_paid_content":false,"footnotes":"","jetpack_publicize_message":"","jetpack_publicize_feature_enabled":true,"jetpack_social_post_already_shared":false,"jetpack_social_options":{"image_generator_settings":{"template":"highway","default_image_id":0,"enabled":false},"version":2}},"categories":[6,8,1,3],"tags":[7341],"class_list":["post-19458","post","type-post","status-publish","format-standard","has-post-thumbnail","hentry","category-cultura-entretenimiento","category-deliberando","category-diario-armstrong","category-region","tag-tangos-e-historias-tertulias-en-casa-del-bicentenario"],"jetpack_publicize_connections":[],"jetpack_featured_media_url":"https:\/\/armstrongyregion.com.ar\/diario\/wp-content\/uploads\/2018\/11\/Tertulia-tango-.jpeg","jetpack_shortlink":"https:\/\/wp.me\/p62QDO-53Q","jetpack_sharing_enabled":true,"amp_enabled":true,"_links":{"self":[{"href":"https:\/\/armstrongyregion.com.ar\/diario\/wp-json\/wp\/v2\/posts\/19458","targetHints":{"allow":["GET"]}}],"collection":[{"href":"https:\/\/armstrongyregion.com.ar\/diario\/wp-json\/wp\/v2\/posts"}],"about":[{"href":"https:\/\/armstrongyregion.com.ar\/diario\/wp-json\/wp\/v2\/types\/post"}],"author":[{"embeddable":true,"href":"https:\/\/armstrongyregion.com.ar\/diario\/wp-json\/wp\/v2\/users\/1"}],"replies":[{"embeddable":true,"href":"https:\/\/armstrongyregion.com.ar\/diario\/wp-json\/wp\/v2\/comments?post=19458"}],"version-history":[{"count":0,"href":"https:\/\/armstrongyregion.com.ar\/diario\/wp-json\/wp\/v2\/posts\/19458\/revisions"}],"wp:featuredmedia":[{"embeddable":true,"href":"https:\/\/armstrongyregion.com.ar\/diario\/wp-json\/wp\/v2\/media\/19459"}],"wp:attachment":[{"href":"https:\/\/armstrongyregion.com.ar\/diario\/wp-json\/wp\/v2\/media?parent=19458"}],"wp:term":[{"taxonomy":"category","embeddable":true,"href":"https:\/\/armstrongyregion.com.ar\/diario\/wp-json\/wp\/v2\/categories?post=19458"},{"taxonomy":"post_tag","embeddable":true,"href":"https:\/\/armstrongyregion.com.ar\/diario\/wp-json\/wp\/v2\/tags?post=19458"}],"curies":[{"name":"wp","href":"https:\/\/api.w.org\/{rel}","templated":true}]}}