{"id":19452,"date":"2018-11-16T23:02:57","date_gmt":"2018-11-16T23:02:57","guid":{"rendered":"https:\/\/armstrongyregion.com.ar\/diario\/?p=19452"},"modified":"2018-11-16T23:02:57","modified_gmt":"2018-11-16T23:02:57","slug":"el-gobierno-adelanta-pago-de-bono-y-medio-aguinaldo-a-la-administracion-publica","status":"publish","type":"post","link":"https:\/\/armstrongyregion.com.ar\/diario\/el-gobierno-adelanta-pago-de-bono-y-medio-aguinaldo-a-la-administracion-publica\/","title":{"rendered":"El Gobierno adelanta pago de bono y medio aguinaldo a la administraci\u00f3n p\u00fablica."},"content":{"rendered":"<p><a href=\"http:\/\/armstrongyregion.com.ar\/diario\/wp-content\/uploads\/2018\/11\/dujovne_y_macri.jpg_1305449671.jpg\"><img loading=\"lazy\" decoding=\"async\" class=\"alignnone size-full wp-image-19453\" src=\"http:\/\/armstrongyregion.com.ar\/diario\/wp-content\/uploads\/2018\/11\/dujovne_y_macri.jpg_1305449671.jpg\" alt=\"dujovne_y_macri.jpg_1305449671\" width=\"768\" height=\"432\" srcset=\"https:\/\/armstrongyregion.com.ar\/diario\/wp-content\/uploads\/2018\/11\/dujovne_y_macri.jpg_1305449671.jpg 768w, https:\/\/armstrongyregion.com.ar\/diario\/wp-content\/uploads\/2018\/11\/dujovne_y_macri.jpg_1305449671-300x169.jpg 300w\" sizes=\"auto, (max-width: 768px) 100vw, 768px\" \/><\/a>La medida alcanzar\u00e1 a los 140 mil trabajadores que se encuentran incluidos en el Convenio Colectivo de Trabajo de la Administraci\u00f3n P\u00fablica Nacional.<\/p>\n<p>A trav\u00e9s de un breve comunicado, el Ministerio de Hacienda inform\u00f3 que se adelantar\u00e1 el pago del<strong>\u00a0sueldo anual complementario<\/strong>\u00a0y del\u00a0<strong><a href=\"https:\/\/www.rosario3.com\/noticias\/Lo-que-hay-que-saber-sobre-el-bono-de-fin-de-ano-20181113-0019.html\" target=\"_blank\">bono de fin de a\u00f1o<\/a>\u00a0<\/strong>para el\u00a0<strong>personal de la Administraci\u00f3n Central,<\/strong>\u00a0<strong>Organismos Descentralizados y Empresas P\u00fablicas del Estado Nacional<\/strong>.<\/p>\n<p>De esta forma, se establece el siguiente\u00a0<strong>cronograma de pago<\/strong>: 1) Administraci\u00f3n Central y Agentes de las Fuerzas Armadas y de Seguridad: mi\u00e9rcoles 12\/12. 2) Organismos Descentralizados: jueves 13\/12. 3) Empresas P\u00fablicas: viernes 14\/12.<\/p>\n<p>Los trabajadores del Estado nacional est\u00e1n alcanzados por el bono de fin de a\u00f1o, luego de que el Gobierno llegara a un acuerdo con el gremio Uni\u00f3n del Personal Civil de la Naci\u00f3n (UPCN) para el otorgamiento de una suma extra de $5.000 que se pagar\u00e1 en diciembre en una sola cuota, m\u00e1s un incremento de la paritaria del sector del 10% en dos tramos: enero y febrero.<\/p>\n<p>La medida alcanzar\u00e1, se estim\u00f3 oficialmente, a los 140.000 trabajadores que se encuentran incluidos en el Convenio Colectivo de Trabajo de la Administraci\u00f3n P\u00fablica Nacional.<\/p>\n<p>El acuerdo implicar\u00e1 una suma por \u00fanica vez de $5.000 el mes que viene, que ser\u00e1 remunerativo. Se trata de la cuarta suma fija que se incorpora al salario de los trabajadores estatales. En junio y octubre hab\u00edan sido de $2.000 y este mes de $4.000.<\/p>\n<p>La negociaci\u00f3n paritaria de este a\u00f1o para el gremio hab\u00eda incluido adem\u00e1s un 15% de incremento, un aumento de 15% de bonificaciones por presentismo.<\/p>\n<p>Por otra parte, el acuerdo incluir\u00e1 una ampliaci\u00f3n de la paritaria, que ser\u00e1 de 10% pagadero en dos cuotas de 5% en enero y febrero.<\/p>\n<p>El Gobierno tambi\u00e9n resolvi\u00f3 por decreto establecer el\u00a0<strong>plus de $5.000 para el sector privado<\/strong>. Los empleadores podr\u00e1n pagar el bono en dos cuotas: 50% con los salarios de noviembre (que se perciben en diciembre) y 50% con los haberes de enero (a cobrar en febrero de 2019).<\/p>\n<p>Fuente: Rosario3.com<\/p>\n","protected":false},"excerpt":{"rendered":"<p>La medida alcanzar\u00e1 a los 140 mil trabajadores que se encuentran incluidos en el Convenio Colectivo de Trabajo de la Administraci\u00f3n P\u00fablica Nacional. A trav\u00e9s de un breve comunicado, el Ministerio de Hacienda inform\u00f3 que se adelantar\u00e1 el pago del\u00a0sueldo anual complementario\u00a0y del\u00a0bono de fin de a\u00f1o\u00a0para el\u00a0personal de la Administraci\u00f3n Central,\u00a0Organismos Descentralizados y Empresas <a href=\"https:\/\/armstrongyregion.com.ar\/diario\/el-gobierno-adelanta-pago-de-bono-y-medio-aguinaldo-a-la-administracion-publica\/\" title=\"Read more\" >&#8230;<\/a><\/p>\n","protected":false},"author":1,"featured_media":19453,"comment_status":"open","ping_status":"open","sticky":false,"template":"","format":"standard","meta":{"_jetpack_memberships_contains_paid_content":false,"footnotes":"","jetpack_publicize_message":"","jetpack_publicize_feature_enabled":true,"jetpack_social_post_already_shared":false,"jetpack_social_options":{"image_generator_settings":{"template":"highway","default_image_id":0,"enabled":false},"version":2}},"categories":[8,1,2819,2,7],"tags":[7339],"class_list":["post-19452","post","type-post","status-publish","format-standard","has-post-thumbnail","hentry","category-deliberando","category-diario-armstrong","category-el-pais","category-locales","category-politica","tag-el-gobierno-adelanta-pago-de-bono-y-medio-aguinaldo-a-la-administracion-publica"],"jetpack_publicize_connections":[],"jetpack_featured_media_url":"https:\/\/armstrongyregion.com.ar\/diario\/wp-content\/uploads\/2018\/11\/dujovne_y_macri.jpg_1305449671.jpg","jetpack_shortlink":"https:\/\/wp.me\/p62QDO-53K","jetpack_sharing_enabled":true,"amp_enabled":true,"_links":{"self":[{"href":"https:\/\/armstrongyregion.com.ar\/diario\/wp-json\/wp\/v2\/posts\/19452","targetHints":{"allow":["GET"]}}],"collection":[{"href":"https:\/\/armstrongyregion.com.ar\/diario\/wp-json\/wp\/v2\/posts"}],"about":[{"href":"https:\/\/armstrongyregion.com.ar\/diario\/wp-json\/wp\/v2\/types\/post"}],"author":[{"embeddable":true,"href":"https:\/\/armstrongyregion.com.ar\/diario\/wp-json\/wp\/v2\/users\/1"}],"replies":[{"embeddable":true,"href":"https:\/\/armstrongyregion.com.ar\/diario\/wp-json\/wp\/v2\/comments?post=19452"}],"version-history":[{"count":0,"href":"https:\/\/armstrongyregion.com.ar\/diario\/wp-json\/wp\/v2\/posts\/19452\/revisions"}],"wp:featuredmedia":[{"embeddable":true,"href":"https:\/\/armstrongyregion.com.ar\/diario\/wp-json\/wp\/v2\/media\/19453"}],"wp:attachment":[{"href":"https:\/\/armstrongyregion.com.ar\/diario\/wp-json\/wp\/v2\/media?parent=19452"}],"wp:term":[{"taxonomy":"category","embeddable":true,"href":"https:\/\/armstrongyregion.com.ar\/diario\/wp-json\/wp\/v2\/categories?post=19452"},{"taxonomy":"post_tag","embeddable":true,"href":"https:\/\/armstrongyregion.com.ar\/diario\/wp-json\/wp\/v2\/tags?post=19452"}],"curies":[{"name":"wp","href":"https:\/\/api.w.org\/{rel}","templated":true}]}}