{"id":19447,"date":"2018-11-15T22:41:11","date_gmt":"2018-11-15T22:41:11","guid":{"rendered":"https:\/\/armstrongyregion.com.ar\/diario\/?p=19447"},"modified":"2018-11-15T22:41:11","modified_gmt":"2018-11-15T22:41:11","slug":"gramigna-y-urquia-en-la-balanza-siempre-va-a-pesar-mas-la-salud","status":"publish","type":"post","link":"https:\/\/armstrongyregion.com.ar\/diario\/gramigna-y-urquia-en-la-balanza-siempre-va-a-pesar-mas-la-salud\/","title":{"rendered":"Gramigna y Urqu\u00eda: \u201cEn la Balanza siempre va a pesar m\u00e1s la Salud\u201d."},"content":{"rendered":"<div>\n<div>\n<p><a href=\"http:\/\/armstrongyregion.com.ar\/diario\/wp-content\/uploads\/2018\/05\/Gramigna-Urquia-.jpg\"><img loading=\"lazy\" decoding=\"async\" class=\"alignnone size-full wp-image-17213\" src=\"http:\/\/armstrongyregion.com.ar\/diario\/wp-content\/uploads\/2018\/05\/Gramigna-Urquia-.jpg\" alt=\"Gramigna-Urquia-\" width=\"768\" height=\"512\" srcset=\"https:\/\/armstrongyregion.com.ar\/diario\/wp-content\/uploads\/2018\/05\/Gramigna-Urquia-.jpg 768w, https:\/\/armstrongyregion.com.ar\/diario\/wp-content\/uploads\/2018\/05\/Gramigna-Urquia--300x200.jpg 300w\" sizes=\"auto, (max-width: 768px) 100vw, 768px\" \/><\/a>As\u00ed expresaron los Concejales de Renovaci\u00f3n por Armstrong al ser aprobada la Ordenanza de Fito y Domi-sanitarios.<\/p>\n<p>\u201cEs un orgullo el gran trabajo que hicimos durante todo \u00e9ste tiempo entre los seis Concejales, con posturas y visiones diferentes pero con di\u00e1logo se lleg\u00f3 a una Ordenanza que va cuidar a todos los ciudadanos de Armstrong\u201d expres\u00f3 Gramigna.<\/p>\n<p>\u201cDesde nuestro Bloque siempre planteamos el tema con seriedad, escuchando a todas las partes, tanto en la campa\u00f1a como en el Concejo mismo y nos comprometimos a tratarlo, era una deuda que se ten\u00eda con la gente que hoy pudimos saldar\u201d manifest\u00f3 Urqu\u00eda.<\/p>\n<p>Ambos coincidieron en que es un gran avance en la adquisici\u00f3n de derechos, en este caso el derecho a la salud, a su criterio el m\u00e1s importante.<\/p>\n<p>La ordenanza no solo contempla las zonas de aplicaci\u00f3n venta y distribuci\u00f3n de fitosanitarios, sino tambi\u00e9n de productos domi-sanitarios o l\u00ednea jard\u00edn, con un amplio compromiso a la concientizacion sobre la toxicidad y las consecuencias de su uso inadecuado.<\/p>\n<p>Para finalizar concluyeron, \u201cSe hizo un trabajo enorme, responsable y adecuado a las Leyes Provinciales y al Principio Fundamental de la Vida y la Salud\u201d.<\/p>\n<p>Los Concejales adem\u00e1s presentaron un proyecto para la disponibilidad de un medio de transporte municipal mensual al Cementerio debido a la gran cantidad de gente que hoy no puede hacerlo por medios propios.<\/p>\n<\/div>\n<\/div>\n<div class=\"iX\"><\/div>\n","protected":false},"excerpt":{"rendered":"<p>As\u00ed expresaron los Concejales de Renovaci\u00f3n por Armstrong al ser aprobada la Ordenanza de Fito y Domi-sanitarios. \u201cEs un orgullo el gran trabajo que hicimos durante todo \u00e9ste tiempo entre los seis Concejales, con posturas y visiones diferentes pero con di\u00e1logo se lleg\u00f3 a una Ordenanza que va cuidar a todos los ciudadanos de Armstrong\u201d <a href=\"https:\/\/armstrongyregion.com.ar\/diario\/gramigna-y-urquia-en-la-balanza-siempre-va-a-pesar-mas-la-salud\/\" title=\"Read more\" >&#8230;<\/a><\/p>\n","protected":false},"author":1,"featured_media":17213,"comment_status":"open","ping_status":"open","sticky":false,"template":"","format":"standard","meta":{"_jetpack_memberships_contains_paid_content":false,"footnotes":"","jetpack_publicize_message":"","jetpack_publicize_feature_enabled":true,"jetpack_social_post_already_shared":false,"jetpack_social_options":{"image_generator_settings":{"template":"highway","default_image_id":0,"enabled":false},"version":2}},"categories":[8,1,2,7],"tags":[7335],"class_list":["post-19447","post","type-post","status-publish","format-standard","has-post-thumbnail","hentry","category-deliberando","category-diario-armstrong","category-locales","category-politica","tag-gramigna-y-urquia-en-la-balanza-siempre-va-a-pesar-mas-la-salud"],"jetpack_publicize_connections":[],"jetpack_featured_media_url":"https:\/\/armstrongyregion.com.ar\/diario\/wp-content\/uploads\/2018\/05\/Gramigna-Urquia-.jpg","jetpack_shortlink":"https:\/\/wp.me\/p62QDO-53F","jetpack_sharing_enabled":true,"amp_enabled":true,"_links":{"self":[{"href":"https:\/\/armstrongyregion.com.ar\/diario\/wp-json\/wp\/v2\/posts\/19447","targetHints":{"allow":["GET"]}}],"collection":[{"href":"https:\/\/armstrongyregion.com.ar\/diario\/wp-json\/wp\/v2\/posts"}],"about":[{"href":"https:\/\/armstrongyregion.com.ar\/diario\/wp-json\/wp\/v2\/types\/post"}],"author":[{"embeddable":true,"href":"https:\/\/armstrongyregion.com.ar\/diario\/wp-json\/wp\/v2\/users\/1"}],"replies":[{"embeddable":true,"href":"https:\/\/armstrongyregion.com.ar\/diario\/wp-json\/wp\/v2\/comments?post=19447"}],"version-history":[{"count":0,"href":"https:\/\/armstrongyregion.com.ar\/diario\/wp-json\/wp\/v2\/posts\/19447\/revisions"}],"wp:featuredmedia":[{"embeddable":true,"href":"https:\/\/armstrongyregion.com.ar\/diario\/wp-json\/wp\/v2\/media\/17213"}],"wp:attachment":[{"href":"https:\/\/armstrongyregion.com.ar\/diario\/wp-json\/wp\/v2\/media?parent=19447"}],"wp:term":[{"taxonomy":"category","embeddable":true,"href":"https:\/\/armstrongyregion.com.ar\/diario\/wp-json\/wp\/v2\/categories?post=19447"},{"taxonomy":"post_tag","embeddable":true,"href":"https:\/\/armstrongyregion.com.ar\/diario\/wp-json\/wp\/v2\/tags?post=19447"}],"curies":[{"name":"wp","href":"https:\/\/api.w.org\/{rel}","templated":true}]}}