{"id":19406,"date":"2018-11-13T13:23:35","date_gmt":"2018-11-13T13:23:35","guid":{"rendered":"https:\/\/armstrongyregion.com.ar\/diario\/?p=19406"},"modified":"2018-11-13T13:30:21","modified_gmt":"2018-11-13T13:30:21","slug":"el-feriado-del-jueves-15-alcanza-a-todos-los-municipios-y-comunas-de-santa-fe","status":"publish","type":"post","link":"https:\/\/armstrongyregion.com.ar\/diario\/el-feriado-del-jueves-15-alcanza-a-todos-los-municipios-y-comunas-de-santa-fe\/","title":{"rendered":"El feriado del jueves 15 alcanza a todos los municipios y comunas de Santa Fe."},"content":{"rendered":"<p><a href=\"http:\/\/armstrongyregion.com.ar\/diario\/wp-content\/uploads\/2018\/11\/Festran.jpg\"><img loading=\"lazy\" decoding=\"async\" class=\"alignnone size-full wp-image-19407\" src=\"http:\/\/armstrongyregion.com.ar\/diario\/wp-content\/uploads\/2018\/11\/Festran.jpg\" alt=\"Festran\" width=\"768\" height=\"512\" srcset=\"https:\/\/armstrongyregion.com.ar\/diario\/wp-content\/uploads\/2018\/11\/Festran.jpg 768w, https:\/\/armstrongyregion.com.ar\/diario\/wp-content\/uploads\/2018\/11\/Festran-300x200.jpg 300w\" sizes=\"auto, (max-width: 768px) 100vw, 768px\" \/><\/a>Lo aclar\u00f3 hoy la Festram, gremio que nuclea a los trabajadores de municipios y comunas santafesinos.<\/p>\n<p>La Federaci\u00f3n de Sindicatos de Trabajadores Municipales de la Provincia de Santa Fe (Festram) aclar\u00f3 hoy que, pese al dict\u00e1men de la Direcci\u00f3n de Asuntos Legales, el feriado del pr\u00f3ximo jueves 15 de noviembre, en conmemorac\u00f3n de la fundaci\u00f3n de la ciudad de Santa Fe, abarca a todos los municipios y comunas santafesinos.<\/p>\n<p>En un comunicado, Festram se\u00f1ala que \u00abnuevamente la Direcci\u00f3n de Asuntos Legales, emite dict\u00e1menes sin aclarar que es solo una opini\u00f3n jur\u00eddica de esa repartici\u00f3n p\u00fablica y con efectos no vinculantes\u00bb, y a\u00f1ade que \u00ablejos de asesorar en orden al derecho, sus considerandos generan confusi\u00f3n e incluso conflicto al emitir dict\u00e1menes siempre en perjuicio de los trabajadores\u00bb.<\/p>\n<div>Asimiso, indica que \u00aben este caso pretende, alterar la Ley Provincial 13.155 cuyo Art\u00edculo 1\u00ba es claro respecto de las actividades para las que el feriado tiene car\u00e1cter de optativo no estableciendo tal opci\u00f3n para los Municipios y Comunas. En consecuencia para los mismos el feriado tiene car\u00e1cter de obligatorio\u00bb.<\/div>\n<div>\n<div>En refuerzo de la ya clara previsi\u00f3n legal, debemos decir que la ley no establece la necesidad de adhesi\u00f3n y\/o invitaci\u00f3n a adherir a la misma por parte de los municipios y comunas de esta provincia, por tanto no es necesario ning\u00fan acto de parte de los mismos para que el feriado tome vigencia en estas jurisdicciones, pues ya lo fij\u00f3 como tal la ley provincial invocada\u00bb.<\/div>\n<div>De acuerdo a lo establecido en la Ley Provincial N\u00b013.155\/10 el 15 de noviembre es feriado administrativo en todo el territorio de la provincia, con motivo de la conmemoraci\u00f3n de la fundaci\u00f3n de la ciudad de Santa Fe. El mismo es optativo para el\u00a0<a href=\"https:\/\/unosantafe.com.ar\/comercio\" target=\"_blank\">comercio<\/a>, la industria y los bancos.<\/div>\n<div>\n<p>En la ciudad de Santa Fe todas las dependencias provinciales y municipales no funcionar\u00e1n y tampoco habr\u00e1 clases en las escuelas; mientras que en el sector privado ser\u00e1 normal la actividad; y la atenci\u00f3n en los organismos nacionales como\u00a0<a href=\"https:\/\/unosantafe.com.ar\/pami\" target=\"_blank\">Pami<\/a>\u00a0y Anses se prestar\u00e1 como es habitual, salvo que llegue una comunicaci\u00f3n desde Buenos Aires que establezca lo contrario.<\/p>\n<p><b>La historia\u00a0<\/b><\/p>\n<p>La ciudad de Santa Fe fue fundada por Juan de Garay el 15 de noviembre de 1573, sobre una loma vecina a la actual ciudad de\u00a0<a href=\"https:\/\/unosantafe.com.ar\/cayasta\" target=\"_blank\">Cayast\u00e1<\/a>, junto al R\u00edo de los Quiloazas (hoy San Javier). El colonizador fue parte de distintas expediciones y fundaciones de la corona espa\u00f1ola en el territorio del R\u00edo de la Plata. Le encomendaron fundar un puerto y pueblo en el r\u00edo Paran\u00e1 para que sirviera de apoyo a los nav\u00edos y armadas que llegaran de Espa\u00f1a a favor de la ciudad de Asunci\u00f3n.<\/p>\n<p>En 1651 se inici\u00f3 el traslado a su actual emplazamiento y se complet\u00f3 casi una d\u00e9cada despu\u00e9s. La ciudad se fue extendiendo junto a la laguna Set\u00fab<\/p>\n<p>&nbsp;<\/p>\n<\/div>\n<\/div>\n<div>Lacapital.com<\/div>\n<div><\/div>\n","protected":false},"excerpt":{"rendered":"<p>Lo aclar\u00f3 hoy la Festram, gremio que nuclea a los trabajadores de municipios y comunas santafesinos. La Federaci\u00f3n de Sindicatos de Trabajadores Municipales de la Provincia de Santa Fe (Festram) aclar\u00f3 hoy que, pese al dict\u00e1men de la Direcci\u00f3n de Asuntos Legales, el feriado del pr\u00f3ximo jueves 15 de noviembre, en conmemorac\u00f3n de la fundaci\u00f3n <a href=\"https:\/\/armstrongyregion.com.ar\/diario\/el-feriado-del-jueves-15-alcanza-a-todos-los-municipios-y-comunas-de-santa-fe\/\" title=\"Read more\" >&#8230;<\/a><\/p>\n","protected":false},"author":1,"featured_media":19407,"comment_status":"open","ping_status":"open","sticky":false,"template":"","format":"standard","meta":{"_jetpack_memberships_contains_paid_content":false,"footnotes":"","jetpack_publicize_message":"","jetpack_publicize_feature_enabled":true,"jetpack_social_post_already_shared":false,"jetpack_social_options":{"image_generator_settings":{"template":"highway","default_image_id":0,"enabled":false},"version":2}},"categories":[6,8,1,7,3],"tags":[7324],"class_list":["post-19406","post","type-post","status-publish","format-standard","has-post-thumbnail","hentry","category-cultura-entretenimiento","category-deliberando","category-diario-armstrong","category-politica","category-region","tag-el-feriado-del-jueves-15-alcanza-a-todos-los-municpios-y-comunas-de-santa-fe"],"jetpack_publicize_connections":[],"jetpack_featured_media_url":"https:\/\/armstrongyregion.com.ar\/diario\/wp-content\/uploads\/2018\/11\/Festran.jpg","jetpack_shortlink":"https:\/\/wp.me\/p62QDO-530","jetpack_sharing_enabled":true,"amp_enabled":true,"_links":{"self":[{"href":"https:\/\/armstrongyregion.com.ar\/diario\/wp-json\/wp\/v2\/posts\/19406","targetHints":{"allow":["GET"]}}],"collection":[{"href":"https:\/\/armstrongyregion.com.ar\/diario\/wp-json\/wp\/v2\/posts"}],"about":[{"href":"https:\/\/armstrongyregion.com.ar\/diario\/wp-json\/wp\/v2\/types\/post"}],"author":[{"embeddable":true,"href":"https:\/\/armstrongyregion.com.ar\/diario\/wp-json\/wp\/v2\/users\/1"}],"replies":[{"embeddable":true,"href":"https:\/\/armstrongyregion.com.ar\/diario\/wp-json\/wp\/v2\/comments?post=19406"}],"version-history":[{"count":0,"href":"https:\/\/armstrongyregion.com.ar\/diario\/wp-json\/wp\/v2\/posts\/19406\/revisions"}],"wp:featuredmedia":[{"embeddable":true,"href":"https:\/\/armstrongyregion.com.ar\/diario\/wp-json\/wp\/v2\/media\/19407"}],"wp:attachment":[{"href":"https:\/\/armstrongyregion.com.ar\/diario\/wp-json\/wp\/v2\/media?parent=19406"}],"wp:term":[{"taxonomy":"category","embeddable":true,"href":"https:\/\/armstrongyregion.com.ar\/diario\/wp-json\/wp\/v2\/categories?post=19406"},{"taxonomy":"post_tag","embeddable":true,"href":"https:\/\/armstrongyregion.com.ar\/diario\/wp-json\/wp\/v2\/tags?post=19406"}],"curies":[{"name":"wp","href":"https:\/\/api.w.org\/{rel}","templated":true}]}}