{"id":19401,"date":"2018-11-13T01:08:54","date_gmt":"2018-11-13T01:08:54","guid":{"rendered":"https:\/\/armstrongyregion.com.ar\/diario\/?p=19401"},"modified":"2018-11-13T01:08:54","modified_gmt":"2018-11-13T01:08:54","slug":"deliberando-concejo-parejense-y-camara-de-diputados","status":"publish","type":"post","link":"https:\/\/armstrongyregion.com.ar\/diario\/deliberando-concejo-parejense-y-camara-de-diputados\/","title":{"rendered":"Deliberando: Concejo Parejense y C\u00e1mara de Diputados."},"content":{"rendered":"<p><a href=\"http:\/\/armstrongyregion.com.ar\/diario\/wp-content\/uploads\/2018\/11\/Sandra-Clerici-nov-18.jpg\"><img loading=\"lazy\" decoding=\"async\" class=\"alignnone size-full wp-image-19402\" src=\"http:\/\/armstrongyregion.com.ar\/diario\/wp-content\/uploads\/2018\/11\/Sandra-Clerici-nov-18.jpg\" alt=\"Sandra-Clerici- nov-18\" width=\"768\" height=\"576\" srcset=\"https:\/\/armstrongyregion.com.ar\/diario\/wp-content\/uploads\/2018\/11\/Sandra-Clerici-nov-18.jpg 768w, https:\/\/armstrongyregion.com.ar\/diario\/wp-content\/uploads\/2018\/11\/Sandra-Clerici-nov-18-300x225.jpg 300w\" sizes=\"auto, (max-width: 768px) 100vw, 768px\" \/><\/a>Hoy en Deliberando nos vamos a interiorizar sobre los avances y proyectos que presenta el legislativo a trav\u00e9s de su Presidenta. Arq. Sandra Clerici. Temas que tienen que ver sobre la seguridad, salud y obra p\u00fablica en pos del bienestar para los ciudadanos parejenses.<\/p>\n<p><a href=\"http:\/\/armstrongyregion.com.ar\/diario\/wp-content\/uploads\/2018\/11\/Solis.Nov-18.jpg\"><img loading=\"lazy\" decoding=\"async\" class=\"alignnone size-full wp-image-19403\" src=\"http:\/\/armstrongyregion.com.ar\/diario\/wp-content\/uploads\/2018\/11\/Solis.Nov-18.jpg\" alt=\"Solis.Nov-18\" width=\"960\" height=\"720\" srcset=\"https:\/\/armstrongyregion.com.ar\/diario\/wp-content\/uploads\/2018\/11\/Solis.Nov-18.jpg 960w, https:\/\/armstrongyregion.com.ar\/diario\/wp-content\/uploads\/2018\/11\/Solis.Nov-18-300x225.jpg 300w\" sizes=\"auto, (max-width: 960px) 100vw, 960px\" \/><\/a>Luego compartiremos dos bloques con el Diputado Provincial Miguel Sol\u00eds, quien hablara sobre pol\u00edtica nacional, provincial y como se prepara el Frente Progresista del Departamento Belgrano para afrontar las pr\u00f3ximas elecciones en el 2019.<\/p>\n<p>Martes 13 de noviembre, a las 21hs. Por Cable Imagen Armstrong.<\/p>\n<p>&nbsp;<\/p>\n","protected":false},"excerpt":{"rendered":"<p>Hoy en Deliberando nos vamos a interiorizar sobre los avances y proyectos que presenta el legislativo a trav\u00e9s de su Presidenta. Arq. Sandra Clerici. Temas que tienen que ver sobre la seguridad, salud y obra p\u00fablica en pos del bienestar para los ciudadanos parejenses. Luego compartiremos dos bloques con el Diputado Provincial Miguel Sol\u00eds, quien <a href=\"https:\/\/armstrongyregion.com.ar\/diario\/deliberando-concejo-parejense-y-camara-de-diputados\/\" title=\"Read more\" >&#8230;<\/a><\/p>\n","protected":false},"author":1,"featured_media":19402,"comment_status":"open","ping_status":"open","sticky":false,"template":"","format":"standard","meta":{"_jetpack_memberships_contains_paid_content":false,"footnotes":"","jetpack_publicize_message":"","jetpack_publicize_feature_enabled":true,"jetpack_social_post_already_shared":false,"jetpack_social_options":{"image_generator_settings":{"template":"highway","default_image_id":0,"enabled":false},"version":2}},"categories":[8,1,2,7,3],"tags":[7323],"class_list":["post-19401","post","type-post","status-publish","format-standard","has-post-thumbnail","hentry","category-deliberando","category-diario-armstrong","category-locales","category-politica","category-region","tag-deliberando-concejo-parejense-y-camara-de-diputados"],"jetpack_publicize_connections":[],"jetpack_featured_media_url":"https:\/\/armstrongyregion.com.ar\/diario\/wp-content\/uploads\/2018\/11\/Sandra-Clerici-nov-18.jpg","jetpack_shortlink":"https:\/\/wp.me\/p62QDO-52V","jetpack_sharing_enabled":true,"amp_enabled":true,"_links":{"self":[{"href":"https:\/\/armstrongyregion.com.ar\/diario\/wp-json\/wp\/v2\/posts\/19401","targetHints":{"allow":["GET"]}}],"collection":[{"href":"https:\/\/armstrongyregion.com.ar\/diario\/wp-json\/wp\/v2\/posts"}],"about":[{"href":"https:\/\/armstrongyregion.com.ar\/diario\/wp-json\/wp\/v2\/types\/post"}],"author":[{"embeddable":true,"href":"https:\/\/armstrongyregion.com.ar\/diario\/wp-json\/wp\/v2\/users\/1"}],"replies":[{"embeddable":true,"href":"https:\/\/armstrongyregion.com.ar\/diario\/wp-json\/wp\/v2\/comments?post=19401"}],"version-history":[{"count":0,"href":"https:\/\/armstrongyregion.com.ar\/diario\/wp-json\/wp\/v2\/posts\/19401\/revisions"}],"wp:featuredmedia":[{"embeddable":true,"href":"https:\/\/armstrongyregion.com.ar\/diario\/wp-json\/wp\/v2\/media\/19402"}],"wp:attachment":[{"href":"https:\/\/armstrongyregion.com.ar\/diario\/wp-json\/wp\/v2\/media?parent=19401"}],"wp:term":[{"taxonomy":"category","embeddable":true,"href":"https:\/\/armstrongyregion.com.ar\/diario\/wp-json\/wp\/v2\/categories?post=19401"},{"taxonomy":"post_tag","embeddable":true,"href":"https:\/\/armstrongyregion.com.ar\/diario\/wp-json\/wp\/v2\/tags?post=19401"}],"curies":[{"name":"wp","href":"https:\/\/api.w.org\/{rel}","templated":true}]}}