{"id":19386,"date":"2018-11-12T00:04:09","date_gmt":"2018-11-12T00:04:09","guid":{"rendered":"https:\/\/armstrongyregion.com.ar\/diario\/?p=19386"},"modified":"2018-11-12T00:10:34","modified_gmt":"2018-11-12T00:10:34","slug":"sindrome-de-asperger-por-veronica-balestreri-victor-gutierrez","status":"publish","type":"post","link":"https:\/\/armstrongyregion.com.ar\/diario\/sindrome-de-asperger-por-veronica-balestreri-victor-gutierrez\/","title":{"rendered":"Sindrome de Asperger. Por Veronica Balestreri- V\u00edctor Gutierrez."},"content":{"rendered":"<p><a href=\"http:\/\/armstrongyregion.com.ar\/diario\/wp-content\/uploads\/2018\/11\/Asperger.-Balestreri-Gutierrez-.jpg\"><img loading=\"lazy\" decoding=\"async\" class=\"alignnone size-full wp-image-19387\" src=\"http:\/\/armstrongyregion.com.ar\/diario\/wp-content\/uploads\/2018\/11\/Asperger.-Balestreri-Gutierrez-.jpg\" alt=\"Asperger. Balestreri-Gutierrez-\" width=\"960\" height=\"720\" srcset=\"https:\/\/armstrongyregion.com.ar\/diario\/wp-content\/uploads\/2018\/11\/Asperger.-Balestreri-Gutierrez-.jpg 960w, https:\/\/armstrongyregion.com.ar\/diario\/wp-content\/uploads\/2018\/11\/Asperger.-Balestreri-Gutierrez--300x225.jpg 300w\" sizes=\"auto, (max-width: 960px) 100vw, 960px\" \/><\/a>Lunes 12 de noviembre en Prevenci\u00f3n y Salud Ver\u00f3nica Balestreri y Victor Gutierrez\u00a0 familiares directos de ni\u00f1os con Sindome de Asperger nos informaran sobre esta condici\u00f3n, ya que conviven con la misma y se han formado y capacitado para mejorar la calidad de vida de sus tesoros m\u00e1s preciados, Sus Hijos.<\/p>\n<p>Asperger es una condici\u00f3n del desarrollo cerebral muy frecuente (de 3 a 7 por cada 1.000 ni\u00f1os de 7 a 16 a\u00f1os).<\/p>\n<p>Hasta hace algunos a\u00f1os, siendo desconocido el s\u00edndrome entre la poblaci\u00f3n general e incluso por muchos profesionales. La persona que lo presenta tiene un aspecto normal, capacidad normal de inteligencia, frecuentemente, habilidades especiales en \u00e1reas restringidas, pero tiene problemas para relacionarse con los dem\u00e1s y en ocasiones presentan comportamientos inadecuados.<\/p>\n<p>La persona Asperger presenta un pensar distinto. Su pensar es l\u00f3gico, concreto e hiperrealista.<\/p>\n<p>\u201cEllos luchan sin descanso, con la esperanza de conseguir un futuro m\u00e1s amable en el que puedan comprender el complejo mundo de los seres humanos y ser aceptados tal como son\u201d.<\/p>\n<p>Fuente Programa Televisivo: \u201cPrevenci\u00f3n y Salud\u201d.<\/p>\n<p>Por Ver\u00f3nica Balestreri y V\u00edctor Gutierrez.<\/p>\n<p>Programa Tv. Prevenci\u00f3n y Salud. Lunes 12 de noviembre 13,30hs.<\/p>\n<p>Reiteraci\u00f3n: Jueves 20hs y s\u00e1bado 12,00hs.<\/p>\n","protected":false},"excerpt":{"rendered":"<p>Lunes 12 de noviembre en Prevenci\u00f3n y Salud Ver\u00f3nica Balestreri y Victor Gutierrez\u00a0 familiares directos de ni\u00f1os con Sindome de Asperger nos informaran sobre esta condici\u00f3n, ya que conviven con la misma y se han formado y capacitado para mejorar la calidad de vida de sus tesoros m\u00e1s preciados, Sus Hijos. Asperger es una condici\u00f3n <a href=\"https:\/\/armstrongyregion.com.ar\/diario\/sindrome-de-asperger-por-veronica-balestreri-victor-gutierrez\/\" title=\"Read more\" >&#8230;<\/a><\/p>\n","protected":false},"author":1,"featured_media":19387,"comment_status":"open","ping_status":"open","sticky":false,"template":"","format":"standard","meta":{"_jetpack_memberships_contains_paid_content":false,"footnotes":"","jetpack_publicize_message":"","jetpack_publicize_feature_enabled":true,"jetpack_social_post_already_shared":false,"jetpack_social_options":{"image_generator_settings":{"template":"highway","default_image_id":0,"enabled":false},"version":2}},"categories":[1,2,4,3],"tags":[7319],"class_list":["post-19386","post","type-post","status-publish","format-standard","has-post-thumbnail","hentry","category-diario-armstrong","category-locales","category-prevencion-salud","category-region","tag-sindrome-de-asperger-por-veronica-balestreri-victor-gutierrez"],"jetpack_publicize_connections":[],"jetpack_featured_media_url":"https:\/\/armstrongyregion.com.ar\/diario\/wp-content\/uploads\/2018\/11\/Asperger.-Balestreri-Gutierrez-.jpg","jetpack_shortlink":"https:\/\/wp.me\/p62QDO-52G","jetpack_sharing_enabled":true,"amp_enabled":true,"_links":{"self":[{"href":"https:\/\/armstrongyregion.com.ar\/diario\/wp-json\/wp\/v2\/posts\/19386","targetHints":{"allow":["GET"]}}],"collection":[{"href":"https:\/\/armstrongyregion.com.ar\/diario\/wp-json\/wp\/v2\/posts"}],"about":[{"href":"https:\/\/armstrongyregion.com.ar\/diario\/wp-json\/wp\/v2\/types\/post"}],"author":[{"embeddable":true,"href":"https:\/\/armstrongyregion.com.ar\/diario\/wp-json\/wp\/v2\/users\/1"}],"replies":[{"embeddable":true,"href":"https:\/\/armstrongyregion.com.ar\/diario\/wp-json\/wp\/v2\/comments?post=19386"}],"version-history":[{"count":0,"href":"https:\/\/armstrongyregion.com.ar\/diario\/wp-json\/wp\/v2\/posts\/19386\/revisions"}],"wp:featuredmedia":[{"embeddable":true,"href":"https:\/\/armstrongyregion.com.ar\/diario\/wp-json\/wp\/v2\/media\/19387"}],"wp:attachment":[{"href":"https:\/\/armstrongyregion.com.ar\/diario\/wp-json\/wp\/v2\/media?parent=19386"}],"wp:term":[{"taxonomy":"category","embeddable":true,"href":"https:\/\/armstrongyregion.com.ar\/diario\/wp-json\/wp\/v2\/categories?post=19386"},{"taxonomy":"post_tag","embeddable":true,"href":"https:\/\/armstrongyregion.com.ar\/diario\/wp-json\/wp\/v2\/tags?post=19386"}],"curies":[{"name":"wp","href":"https:\/\/api.w.org\/{rel}","templated":true}]}}