{"id":19338,"date":"2018-11-08T15:47:47","date_gmt":"2018-11-08T15:47:47","guid":{"rendered":"https:\/\/armstrongyregion.com.ar\/diario\/?p=19338"},"modified":"2018-11-08T15:47:47","modified_gmt":"2018-11-08T15:47:47","slug":"presentacion-oficial-de-la-fiesta-armstrong-tierra-mia-2018","status":"publish","type":"post","link":"https:\/\/armstrongyregion.com.ar\/diario\/presentacion-oficial-de-la-fiesta-armstrong-tierra-mia-2018\/","title":{"rendered":"Presentaci\u00f3n oficial de la Fiesta \u00abArmstrong Tierra M\u00eda 2018\u00bb"},"content":{"rendered":"<p><a href=\"http:\/\/armstrongyregion.com.ar\/diario\/wp-content\/uploads\/2018\/11\/presentacion-atm-2018.jpg\"><img loading=\"lazy\" decoding=\"async\" class=\"alignnone size-full wp-image-19339\" src=\"http:\/\/armstrongyregion.com.ar\/diario\/wp-content\/uploads\/2018\/11\/presentacion-atm-2018.jpg\" alt=\"presentacion atm 2018\" width=\"768\" height=\"535\" srcset=\"https:\/\/armstrongyregion.com.ar\/diario\/wp-content\/uploads\/2018\/11\/presentacion-atm-2018.jpg 768w, https:\/\/armstrongyregion.com.ar\/diario\/wp-content\/uploads\/2018\/11\/presentacion-atm-2018-300x209.jpg 300w\" sizes=\"auto, (max-width: 768px) 100vw, 768px\" \/><\/a>La Municipalidad de Armstrong invita a toda la comunidad a la presentaci\u00f3n oficial de la fiesta \u201cArmstrong Tierra M\u00eda\u201d con motivo de los 136 a\u00f1os que cumplir\u00e1 nuestra ciudad el pr\u00f3ximo 14 de diciembre.<\/p>\n<p>La misma se realizar\u00e1 el d\u00eda jueves \u00a015 de noviembre a las 20:00 hs. en el sal\u00f3n auditorio Delmo Dar\u00f3. All\u00ed se dar\u00e1 a conocer la programaci\u00f3n general que se desarrollar\u00e1 los d\u00edas s\u00e1bado 15 y domingo 16 de diciembre en la Plaza San Mart\u00edn.<\/p>\n<p>Se invita especialmente a todas las instituciones locales, autoridades, artistas, medios de comunicaci\u00f3n y p\u00fablico en general.<\/p>\n<p>&nbsp;<\/p>\n","protected":false},"excerpt":{"rendered":"<p>La Municipalidad de Armstrong invita a toda la comunidad a la presentaci\u00f3n oficial de la fiesta \u201cArmstrong Tierra M\u00eda\u201d con motivo de los 136 a\u00f1os que cumplir\u00e1 nuestra ciudad el pr\u00f3ximo 14 de diciembre. La misma se realizar\u00e1 el d\u00eda jueves \u00a015 de noviembre a las 20:00 hs. en el sal\u00f3n auditorio Delmo Dar\u00f3. All\u00ed <a href=\"https:\/\/armstrongyregion.com.ar\/diario\/presentacion-oficial-de-la-fiesta-armstrong-tierra-mia-2018\/\" title=\"Read more\" >&#8230;<\/a><\/p>\n","protected":false},"author":1,"featured_media":19339,"comment_status":"open","ping_status":"open","sticky":false,"template":"","format":"standard","meta":{"_jetpack_memberships_contains_paid_content":false,"footnotes":"","jetpack_publicize_message":"","jetpack_publicize_feature_enabled":true,"jetpack_social_post_already_shared":false,"jetpack_social_options":{"image_generator_settings":{"template":"highway","default_image_id":0,"enabled":false},"version":2}},"categories":[6,8,1,2,3],"tags":[7307],"class_list":["post-19338","post","type-post","status-publish","format-standard","has-post-thumbnail","hentry","category-cultura-entretenimiento","category-deliberando","category-diario-armstrong","category-locales","category-region","tag-presentacion-oficial-de-la-fiesta-armstrong-tierra-mia-2018"],"jetpack_publicize_connections":[],"jetpack_featured_media_url":"https:\/\/armstrongyregion.com.ar\/diario\/wp-content\/uploads\/2018\/11\/presentacion-atm-2018.jpg","jetpack_shortlink":"https:\/\/wp.me\/p62QDO-51U","jetpack_sharing_enabled":true,"amp_enabled":true,"_links":{"self":[{"href":"https:\/\/armstrongyregion.com.ar\/diario\/wp-json\/wp\/v2\/posts\/19338","targetHints":{"allow":["GET"]}}],"collection":[{"href":"https:\/\/armstrongyregion.com.ar\/diario\/wp-json\/wp\/v2\/posts"}],"about":[{"href":"https:\/\/armstrongyregion.com.ar\/diario\/wp-json\/wp\/v2\/types\/post"}],"author":[{"embeddable":true,"href":"https:\/\/armstrongyregion.com.ar\/diario\/wp-json\/wp\/v2\/users\/1"}],"replies":[{"embeddable":true,"href":"https:\/\/armstrongyregion.com.ar\/diario\/wp-json\/wp\/v2\/comments?post=19338"}],"version-history":[{"count":0,"href":"https:\/\/armstrongyregion.com.ar\/diario\/wp-json\/wp\/v2\/posts\/19338\/revisions"}],"wp:featuredmedia":[{"embeddable":true,"href":"https:\/\/armstrongyregion.com.ar\/diario\/wp-json\/wp\/v2\/media\/19339"}],"wp:attachment":[{"href":"https:\/\/armstrongyregion.com.ar\/diario\/wp-json\/wp\/v2\/media?parent=19338"}],"wp:term":[{"taxonomy":"category","embeddable":true,"href":"https:\/\/armstrongyregion.com.ar\/diario\/wp-json\/wp\/v2\/categories?post=19338"},{"taxonomy":"post_tag","embeddable":true,"href":"https:\/\/armstrongyregion.com.ar\/diario\/wp-json\/wp\/v2\/tags?post=19338"}],"curies":[{"name":"wp","href":"https:\/\/api.w.org\/{rel}","templated":true}]}}