{"id":19330,"date":"2018-11-08T14:18:24","date_gmt":"2018-11-08T14:18:24","guid":{"rendered":"https:\/\/armstrongyregion.com.ar\/diario\/?p=19330"},"modified":"2018-11-08T14:18:24","modified_gmt":"2018-11-08T14:18:24","slug":"se-dictara-en-canada-de-gomez-el-profesorado-de-educacion-superior","status":"publish","type":"post","link":"https:\/\/armstrongyregion.com.ar\/diario\/se-dictara-en-canada-de-gomez-el-profesorado-de-educacion-superior\/","title":{"rendered":"Se dictar\u00e1 en Ca\u00f1ada de G\u00f3mez el profesorado de Educaci\u00f3n Superior."},"content":{"rendered":"<div id=\"js_88\" class=\"_5pbx userContent _3576\" data-ad-preview=\"message\" data-ft=\"{&quot;tn&quot;:&quot;K&quot;}\">\n<div id=\"id_5be44448688847768953943\" class=\"text_exposed_root text_exposed\">\n<p><a href=\"http:\/\/armstrongyregion.com.ar\/diario\/wp-content\/uploads\/2018\/11\/Fudeca-.jpg\"><img loading=\"lazy\" decoding=\"async\" class=\"alignnone size-full wp-image-19331\" src=\"http:\/\/armstrongyregion.com.ar\/diario\/wp-content\/uploads\/2018\/11\/Fudeca-.jpg\" alt=\"Fudeca-\" width=\"768\" height=\"576\" srcset=\"https:\/\/armstrongyregion.com.ar\/diario\/wp-content\/uploads\/2018\/11\/Fudeca-.jpg 768w, https:\/\/armstrongyregion.com.ar\/diario\/wp-content\/uploads\/2018\/11\/Fudeca--300x225.jpg 300w\" sizes=\"auto, (max-width: 768px) 100vw, 768px\" \/><\/a>La\u00a0<span class=\"highlightNode\">Fundaci\u00f3n<\/span>\u00a0para el\u00a0<span class=\"highlightNode\">Desarrollo<\/span>\u00a0de Ca\u00f1ada de G\u00f3mez, en la continua b\u00fasqueda de actualizaci\u00f3n de sus propuestas educativas, ha acordado con la Universidad de Concepci\u00f3n del Uruguay el dictado de la carrera universitaria \u00abProfesorado en Ense\u00f1anza Superior\u00bb. Desde el pr\u00f3ximo a\u00f1o se podr\u00e1 estudiar de manera presencial en nuestra ciudad este trayecto formativo que habilita el ejercicio de la docencia en nivel secun<span class=\"text_exposed_show\">dario y superior, universitario y no universitario.<\/span><\/p>\n<div class=\"text_exposed_show\">\n<p>En este marco el Presidente de\u00a0<span class=\"highlightNode\">FUDECA<\/span>, Marcelo Cogno, y la Coordinadora D\u00e1maris Pacchiotti, se reunieron este martes con el Decano de la Facultad de Ciencias de la Comunicaci\u00f3n y de la Educaci\u00f3n de la Universidad de Concepci\u00f3n del Uruguay, Lic. Juan R. Velazquez, y la Directora de la Sede Rosario Lic. Mar\u00eda Alejandra Saccone, con el objetivo de avanzar en la implementaci\u00f3n del dictado de la carrera universitaria en FU.DE.CA.<\/p>\n<p>Para informaci\u00f3n de los interesados, el Profesorado en Ense\u00f1anza Superior tiene una duraci\u00f3n de dos a\u00f1os y cuenta con aprobaci\u00f3n ministerial provincial y nacional.<\/p>\n<p>Durante el mes de noviembre se realizar\u00e1n las preinscripciones para el ingreso 2019, los interesados deben comunicarse a los tel\u00e9fonos 03471-15532312 \/ 03471 421689, o escribir a educacion@<span class=\"highlightNode\">fudeca<\/span>.org.ar<\/p>\n<\/div>\n<\/div>\n<\/div>\n<div class=\"_3x-2\" data-ft=\"{&quot;tn&quot;:&quot;H&quot;}\"><\/div>\n","protected":false},"excerpt":{"rendered":"<p>La\u00a0Fundaci\u00f3n\u00a0para el\u00a0Desarrollo\u00a0de Ca\u00f1ada de G\u00f3mez, en la continua b\u00fasqueda de actualizaci\u00f3n de sus propuestas educativas, ha acordado con la Universidad de Concepci\u00f3n del Uruguay el dictado de la carrera universitaria \u00abProfesorado en Ense\u00f1anza Superior\u00bb. Desde el pr\u00f3ximo a\u00f1o se podr\u00e1 estudiar de manera presencial en nuestra ciudad este trayecto formativo que habilita el ejercicio de <a href=\"https:\/\/armstrongyregion.com.ar\/diario\/se-dictara-en-canada-de-gomez-el-profesorado-de-educacion-superior\/\" title=\"Read more\" >&#8230;<\/a><\/p>\n","protected":false},"author":1,"featured_media":19331,"comment_status":"open","ping_status":"open","sticky":false,"template":"","format":"standard","meta":{"_jetpack_memberships_contains_paid_content":false,"footnotes":"","jetpack_publicize_message":"","jetpack_publicize_feature_enabled":true,"jetpack_social_post_already_shared":false,"jetpack_social_options":{"image_generator_settings":{"template":"highway","default_image_id":0,"enabled":false},"version":2}},"categories":[6,8,1,2],"tags":[7304],"class_list":["post-19330","post","type-post","status-publish","format-standard","has-post-thumbnail","hentry","category-cultura-entretenimiento","category-deliberando","category-diario-armstrong","category-locales","tag-se-dictara-en-canada-de-gomez-el-profesorado-de-educacion-superior"],"jetpack_publicize_connections":[],"jetpack_featured_media_url":"https:\/\/armstrongyregion.com.ar\/diario\/wp-content\/uploads\/2018\/11\/Fudeca-.jpg","jetpack_shortlink":"https:\/\/wp.me\/p62QDO-51M","jetpack_sharing_enabled":true,"amp_enabled":true,"_links":{"self":[{"href":"https:\/\/armstrongyregion.com.ar\/diario\/wp-json\/wp\/v2\/posts\/19330","targetHints":{"allow":["GET"]}}],"collection":[{"href":"https:\/\/armstrongyregion.com.ar\/diario\/wp-json\/wp\/v2\/posts"}],"about":[{"href":"https:\/\/armstrongyregion.com.ar\/diario\/wp-json\/wp\/v2\/types\/post"}],"author":[{"embeddable":true,"href":"https:\/\/armstrongyregion.com.ar\/diario\/wp-json\/wp\/v2\/users\/1"}],"replies":[{"embeddable":true,"href":"https:\/\/armstrongyregion.com.ar\/diario\/wp-json\/wp\/v2\/comments?post=19330"}],"version-history":[{"count":0,"href":"https:\/\/armstrongyregion.com.ar\/diario\/wp-json\/wp\/v2\/posts\/19330\/revisions"}],"wp:featuredmedia":[{"embeddable":true,"href":"https:\/\/armstrongyregion.com.ar\/diario\/wp-json\/wp\/v2\/media\/19331"}],"wp:attachment":[{"href":"https:\/\/armstrongyregion.com.ar\/diario\/wp-json\/wp\/v2\/media?parent=19330"}],"wp:term":[{"taxonomy":"category","embeddable":true,"href":"https:\/\/armstrongyregion.com.ar\/diario\/wp-json\/wp\/v2\/categories?post=19330"},{"taxonomy":"post_tag","embeddable":true,"href":"https:\/\/armstrongyregion.com.ar\/diario\/wp-json\/wp\/v2\/tags?post=19330"}],"curies":[{"name":"wp","href":"https:\/\/api.w.org\/{rel}","templated":true}]}}