{"id":19326,"date":"2018-11-08T01:36:58","date_gmt":"2018-11-08T01:36:58","guid":{"rendered":"https:\/\/armstrongyregion.com.ar\/diario\/?p=19326"},"modified":"2018-11-08T01:42:38","modified_gmt":"2018-11-08T01:42:38","slug":"armstrong-11-denuncias-en-los-buzones-de-la-vida","status":"publish","type":"post","link":"https:\/\/armstrongyregion.com.ar\/diario\/armstrong-11-denuncias-en-los-buzones-de-la-vida\/","title":{"rendered":"Armstrong. 11 denuncias en los Buzones de la Vida."},"content":{"rendered":"<p><a href=\"http:\/\/armstrongyregion.com.ar\/diario\/wp-content\/uploads\/2018\/11\/buzon-noviembre-18.jpg\"><img loading=\"lazy\" decoding=\"async\" class=\"alignnone size-full wp-image-19327\" src=\"http:\/\/armstrongyregion.com.ar\/diario\/wp-content\/uploads\/2018\/11\/buzon-noviembre-18.jpg\" alt=\"buzon-noviembre-18\" width=\"768\" height=\"576\" srcset=\"https:\/\/armstrongyregion.com.ar\/diario\/wp-content\/uploads\/2018\/11\/buzon-noviembre-18.jpg 768w, https:\/\/armstrongyregion.com.ar\/diario\/wp-content\/uploads\/2018\/11\/buzon-noviembre-18-300x225.jpg 300w\" sizes=\"auto, (max-width: 768px) 100vw, 768px\" \/><\/a>En la ma\u00f1ana del mi\u00e9rcoles 7 de noviembre se realiz\u00f3 la apertura de los Buzones de la Vida. En primer lugar, el Buz\u00f3n m\u00f3vil ubicado en el SAMCo, y luego el que est\u00e1 instalado de manera permanente en el municipio.<\/p>\n<p>En esta oportunidad se contabilizaron 11 denuncias an\u00f3nimas, 2 en el Buz\u00f3n itinerante del nosocomio local y 9 \u00a0en el Buz\u00f3n permanente de la Municipalidad.<\/p>\n<p>\u201cSiempre le recomiendo a la poblaci\u00f3n que se acerque cuando tenga una denuncia o que cuando vea algo raro llame al 911, tal como hemos visto un par de casos en este \u00faltimo mes y por ello algunos hechos se han esclarecido o se han tomado determinadas medidas que sirven para la prevenci\u00f3n. Todo lo que tenga que ver con la participaci\u00f3n ciudadana es importante para cuidarnos entre todos\u201d, dijo el Intendente Dr. Pablo Verdecchia.<\/p>\n<p>El Buz\u00f3n de la Vida m\u00f3vil en la semana se trasladara por cuatro meses al Cuartel de Bomberos Voluntarios \u00a0y la pr\u00f3xima apertura est\u00e1 prevista para primer\u00a0 mi\u00e9rcoles\u00a0 de diciembre en los mismos horarios.<\/p>\n","protected":false},"excerpt":{"rendered":"<p>En la ma\u00f1ana del mi\u00e9rcoles 7 de noviembre se realiz\u00f3 la apertura de los Buzones de la Vida. En primer lugar, el Buz\u00f3n m\u00f3vil ubicado en el SAMCo, y luego el que est\u00e1 instalado de manera permanente en el municipio. En esta oportunidad se contabilizaron 11 denuncias an\u00f3nimas, 2 en el Buz\u00f3n itinerante del nosocomio <a href=\"https:\/\/armstrongyregion.com.ar\/diario\/armstrong-11-denuncias-en-los-buzones-de-la-vida\/\" title=\"Read more\" >&#8230;<\/a><\/p>\n","protected":false},"author":1,"featured_media":19327,"comment_status":"open","ping_status":"open","sticky":false,"template":"","format":"standard","meta":{"_jetpack_memberships_contains_paid_content":false,"footnotes":"","jetpack_publicize_message":"","jetpack_publicize_feature_enabled":true,"jetpack_social_post_already_shared":false,"jetpack_social_options":{"image_generator_settings":{"template":"highway","default_image_id":0,"enabled":false},"version":2}},"categories":[8,1,2,7,4],"tags":[7303],"class_list":["post-19326","post","type-post","status-publish","format-standard","has-post-thumbnail","hentry","category-deliberando","category-diario-armstrong","category-locales","category-politica","category-prevencion-salud","tag-armstrong-11-denuncias-en-los-buzones-de-la-vida"],"jetpack_publicize_connections":[],"jetpack_featured_media_url":"https:\/\/armstrongyregion.com.ar\/diario\/wp-content\/uploads\/2018\/11\/buzon-noviembre-18.jpg","jetpack_shortlink":"https:\/\/wp.me\/p62QDO-51I","jetpack_sharing_enabled":true,"amp_enabled":true,"_links":{"self":[{"href":"https:\/\/armstrongyregion.com.ar\/diario\/wp-json\/wp\/v2\/posts\/19326","targetHints":{"allow":["GET"]}}],"collection":[{"href":"https:\/\/armstrongyregion.com.ar\/diario\/wp-json\/wp\/v2\/posts"}],"about":[{"href":"https:\/\/armstrongyregion.com.ar\/diario\/wp-json\/wp\/v2\/types\/post"}],"author":[{"embeddable":true,"href":"https:\/\/armstrongyregion.com.ar\/diario\/wp-json\/wp\/v2\/users\/1"}],"replies":[{"embeddable":true,"href":"https:\/\/armstrongyregion.com.ar\/diario\/wp-json\/wp\/v2\/comments?post=19326"}],"version-history":[{"count":0,"href":"https:\/\/armstrongyregion.com.ar\/diario\/wp-json\/wp\/v2\/posts\/19326\/revisions"}],"wp:featuredmedia":[{"embeddable":true,"href":"https:\/\/armstrongyregion.com.ar\/diario\/wp-json\/wp\/v2\/media\/19327"}],"wp:attachment":[{"href":"https:\/\/armstrongyregion.com.ar\/diario\/wp-json\/wp\/v2\/media?parent=19326"}],"wp:term":[{"taxonomy":"category","embeddable":true,"href":"https:\/\/armstrongyregion.com.ar\/diario\/wp-json\/wp\/v2\/categories?post=19326"},{"taxonomy":"post_tag","embeddable":true,"href":"https:\/\/armstrongyregion.com.ar\/diario\/wp-json\/wp\/v2\/tags?post=19326"}],"curies":[{"name":"wp","href":"https:\/\/api.w.org\/{rel}","templated":true}]}}