{"id":19313,"date":"2018-11-08T00:18:22","date_gmt":"2018-11-08T00:18:22","guid":{"rendered":"https:\/\/armstrongyregion.com.ar\/diario\/?p=19313"},"modified":"2018-11-08T00:40:52","modified_gmt":"2018-11-08T00:40:52","slug":"noviembre-mes-de-teatro-en-armstrong","status":"publish","type":"post","link":"https:\/\/armstrongyregion.com.ar\/diario\/noviembre-mes-de-teatro-en-armstrong\/","title":{"rendered":"Noviembre&#8230; Mes de Teatro en Armstrong."},"content":{"rendered":"<p><a href=\"http:\/\/armstrongyregion.com.ar\/diario\/wp-content\/uploads\/2018\/11\/Teatro-Intimo.jpg\"><img loading=\"lazy\" decoding=\"async\" class=\"alignnone size-full wp-image-19314\" src=\"http:\/\/armstrongyregion.com.ar\/diario\/wp-content\/uploads\/2018\/11\/Teatro-Intimo.jpg\" alt=\"Teatro-Intimo\" width=\"880\" height=\"907\" srcset=\"https:\/\/armstrongyregion.com.ar\/diario\/wp-content\/uploads\/2018\/11\/Teatro-Intimo.jpg 880w, https:\/\/armstrongyregion.com.ar\/diario\/wp-content\/uploads\/2018\/11\/Teatro-Intimo-291x300.jpg 291w\" sizes=\"auto, (max-width: 880px) 100vw, 880px\" \/><\/a>Taller de Producci\u00f3n de Espect\u00e1culos\/ Taller de Improvisaci\u00f3n y Juegos Teatrales.<\/p>\n<p>Un a\u00f1o m\u00e1s, <strong><em>EL HUMO TEATRO<\/em><\/strong> se hace presente con una extendida propuesta de teatro local. Invitamos a todos a disfrutar de las funciones. A ser partes de estas historias diversas, en diversos espacios.<\/p>\n<p><strong>Un teatro \u00edntimo<\/strong><\/p>\n<p>Viernes 23 \/ S\u00e1bado 24 de noviembre 21 hs<\/p>\n<p>Direcci\u00f3n Mariela Romero<\/p>\n<p>\u2026se sent\u00eda que todo estaba decidido desde siempre.<\/p>\n<p>Improvisaci\u00f3n sobre textos teatrales.<\/p>\n<p><em><u>ACT\u00daAN<\/u><\/em><\/p>\n<p>Silvia Romero, Viviana Amadio, Laura frutos, Mar\u00eda Ang\u00e9lica Guti\u00e9rrez, M\u00f3nica Pastor.<\/p>\n<p>Biblioteca Popular Sarmiento (Per\u00fa 1547)<\/p>\n<p><strong><a href=\"http:\/\/armstrongyregion.com.ar\/diario\/wp-content\/uploads\/2018\/11\/Quien-ay-.jpg\"><img loading=\"lazy\" decoding=\"async\" class=\"alignnone size-full wp-image-19315\" src=\"http:\/\/armstrongyregion.com.ar\/diario\/wp-content\/uploads\/2018\/11\/Quien-ay-.jpg\" alt=\"Quien-ay-\" width=\"534\" height=\"300\" srcset=\"https:\/\/armstrongyregion.com.ar\/diario\/wp-content\/uploads\/2018\/11\/Quien-ay-.jpg 534w, https:\/\/armstrongyregion.com.ar\/diario\/wp-content\/uploads\/2018\/11\/Quien-ay--300x169.jpg 300w\" sizes=\"auto, (max-width: 534px) 100vw, 534px\" \/><\/a>Quienay? De Ra\u00fal Kreig<\/strong><\/p>\n<p>Viernes 30 nov. 21 hs. &#8211; S\u00e1bado 1 nov. 22.30 hs. &#8211; Domingo 2 nov. 20 hs.<\/p>\n<p>Direcci\u00f3n Mariela Romero \/ Gustavo Maffei<\/p>\n<p>\u00abQuien\u00e1y\u00bb &#8211; Es la pregunta que se hacen cinco hermanas que viven en medio del campo.<br \/>\nUn golpe en la puerta quiebra esa diaria tranquilidad. Es entonces cuando los argumentos y los recuerdos afloran como fantasmas&#8230;<\/p>\n<p><em><u>ACT\u00daAN<\/u><\/em><\/p>\n<p>Claudia Beltramo, Liliana Bernuez, Laura Chau, Andrea Lujan Piancatelli, Gladys Rapetti.<\/p>\n<p>SUMA (Sal\u00f3n de Usos M\u00faltiples Armstrong \u2013 Per\u00fa 1448)<\/p>\n<p><strong><a href=\"http:\/\/armstrongyregion.com.ar\/diario\/wp-content\/uploads\/2018\/11\/Tiempo-mandarinas-.jpg\"><img loading=\"lazy\" decoding=\"async\" class=\"alignnone size-full wp-image-19316\" src=\"http:\/\/armstrongyregion.com.ar\/diario\/wp-content\/uploads\/2018\/11\/Tiempo-mandarinas-.jpg\" alt=\"Tiempo-mandarinas-\" width=\"534\" height=\"840\" srcset=\"https:\/\/armstrongyregion.com.ar\/diario\/wp-content\/uploads\/2018\/11\/Tiempo-mandarinas-.jpg 534w, https:\/\/armstrongyregion.com.ar\/diario\/wp-content\/uploads\/2018\/11\/Tiempo-mandarinas--191x300.jpg 191w\" sizes=\"auto, (max-width: 534px) 100vw, 534px\" \/><\/a>El tiempo de las mandarinas De Rafael Nofal <\/strong><\/p>\n<p>Viernes 30 nov. 22.30 hs. &#8211; S\u00e1bado 1 nov. 21 hs. &#8211; Domingo 2 nov. 21.15 hs.<\/p>\n<p>Direcci\u00f3n Gustavo Maffei<\/p>\n<p>El tiempo de las mandarinas relata historias de mujeres, atravesadas por el delito de la trata de personas.<br \/>\nRelatos como gajos fragmentados. Presentados para visibilizar y sensibilizar al espectador sobre este problema.<\/p>\n<p><strong><em><u>ACT\u00daAN<\/u><\/em><\/strong><\/p>\n<p>Lorena Ronchese, Betina Balonchard Eckard, Eva Sanoni, Paula Gonzalez.<\/p>\n<p>SUMA (Sal\u00f3n de Usos M\u00faltiples Armstrong \u2013 Per\u00fa 1448)<\/p>\n<p><strong><em>Anticipadas en CALEDONIA (Rold\u00e1n 1745) <\/em><\/strong><\/p>\n","protected":false},"excerpt":{"rendered":"<p>Taller de Producci\u00f3n de Espect\u00e1culos\/ Taller de Improvisaci\u00f3n y Juegos Teatrales. Un a\u00f1o m\u00e1s, EL HUMO TEATRO se hace presente con una extendida propuesta de teatro local. Invitamos a todos a disfrutar de las funciones. A ser partes de estas historias diversas, en diversos espacios. Un teatro \u00edntimo Viernes 23 \/ S\u00e1bado 24 de noviembre <a href=\"https:\/\/armstrongyregion.com.ar\/diario\/noviembre-mes-de-teatro-en-armstrong\/\" title=\"Read more\" >&#8230;<\/a><\/p>\n","protected":false},"author":1,"featured_media":0,"comment_status":"open","ping_status":"open","sticky":false,"template":"","format":"standard","meta":{"_jetpack_memberships_contains_paid_content":false,"footnotes":"","jetpack_publicize_message":"","jetpack_publicize_feature_enabled":true,"jetpack_social_post_already_shared":false,"jetpack_social_options":{"image_generator_settings":{"template":"highway","default_image_id":0,"enabled":false},"version":2}},"categories":[6,8,1,2],"tags":[7300],"class_list":["post-19313","post","type-post","status-publish","format-standard","hentry","category-cultura-entretenimiento","category-deliberando","category-diario-armstrong","category-locales","tag-noviembre-mes-de-teatro-en-armstrong"],"jetpack_publicize_connections":[],"jetpack_featured_media_url":"","jetpack_shortlink":"https:\/\/wp.me\/p62QDO-51v","jetpack_sharing_enabled":true,"amp_enabled":true,"_links":{"self":[{"href":"https:\/\/armstrongyregion.com.ar\/diario\/wp-json\/wp\/v2\/posts\/19313","targetHints":{"allow":["GET"]}}],"collection":[{"href":"https:\/\/armstrongyregion.com.ar\/diario\/wp-json\/wp\/v2\/posts"}],"about":[{"href":"https:\/\/armstrongyregion.com.ar\/diario\/wp-json\/wp\/v2\/types\/post"}],"author":[{"embeddable":true,"href":"https:\/\/armstrongyregion.com.ar\/diario\/wp-json\/wp\/v2\/users\/1"}],"replies":[{"embeddable":true,"href":"https:\/\/armstrongyregion.com.ar\/diario\/wp-json\/wp\/v2\/comments?post=19313"}],"version-history":[{"count":0,"href":"https:\/\/armstrongyregion.com.ar\/diario\/wp-json\/wp\/v2\/posts\/19313\/revisions"}],"wp:attachment":[{"href":"https:\/\/armstrongyregion.com.ar\/diario\/wp-json\/wp\/v2\/media?parent=19313"}],"wp:term":[{"taxonomy":"category","embeddable":true,"href":"https:\/\/armstrongyregion.com.ar\/diario\/wp-json\/wp\/v2\/categories?post=19313"},{"taxonomy":"post_tag","embeddable":true,"href":"https:\/\/armstrongyregion.com.ar\/diario\/wp-json\/wp\/v2\/tags?post=19313"}],"curies":[{"name":"wp","href":"https:\/\/api.w.org\/{rel}","templated":true}]}}