{"id":19310,"date":"2018-11-07T15:43:04","date_gmt":"2018-11-07T15:43:04","guid":{"rendered":"https:\/\/armstrongyregion.com.ar\/diario\/?p=19310"},"modified":"2018-11-07T15:43:04","modified_gmt":"2018-11-07T15:43:04","slug":"jueves-8-de-noviembre-dia-del-empleado-municipal","status":"publish","type":"post","link":"https:\/\/armstrongyregion.com.ar\/diario\/jueves-8-de-noviembre-dia-del-empleado-municipal\/","title":{"rendered":"Jueves 8 de noviembre \u201cD\u00eda del Empleado Municipal\u201d."},"content":{"rendered":"<p><a href=\"http:\/\/armstrongyregion.com.ar\/diario\/wp-content\/uploads\/2015\/07\/IMG-20150723-WA0049.jpg\"><img loading=\"lazy\" decoding=\"async\" class=\"alignnone size-large wp-image-3231\" src=\"http:\/\/armstrongyregion.com.ar\/diario\/wp-content\/uploads\/2015\/07\/IMG-20150723-WA0049-1024x614.jpg\" alt=\"Rompieron-vidrio-municipalidad-Armstrong-\" width=\"800\" height=\"480\" srcset=\"https:\/\/armstrongyregion.com.ar\/diario\/wp-content\/uploads\/2015\/07\/IMG-20150723-WA0049-1024x614.jpg 1024w, https:\/\/armstrongyregion.com.ar\/diario\/wp-content\/uploads\/2015\/07\/IMG-20150723-WA0049-300x180.jpg 300w, https:\/\/armstrongyregion.com.ar\/diario\/wp-content\/uploads\/2015\/07\/IMG-20150723-WA0049.jpg 1280w\" sizes=\"auto, (max-width: 800px) 100vw, 800px\" \/><\/a>La Municipalidad de Armstrong informa que ma\u00f1ana, jueves 8 de noviembre, todas sus dependencias permanecer\u00e1n cerradas debido a la celebraci\u00f3n del D\u00eda del Empleado Municipal.<\/p>\n","protected":false},"excerpt":{"rendered":"<p>La Municipalidad de Armstrong informa que ma\u00f1ana, jueves 8 de noviembre, todas sus dependencias permanecer\u00e1n cerradas debido a la celebraci\u00f3n del D\u00eda del Empleado Municipal.<\/p>\n","protected":false},"author":1,"featured_media":3231,"comment_status":"open","ping_status":"open","sticky":false,"template":"","format":"standard","meta":{"_jetpack_memberships_contains_paid_content":false,"footnotes":"","jetpack_publicize_message":"","jetpack_publicize_feature_enabled":true,"jetpack_social_post_already_shared":false,"jetpack_social_options":{"image_generator_settings":{"template":"highway","default_image_id":0,"enabled":false},"version":2}},"categories":[6,8,1,2,7],"tags":[7299],"class_list":["post-19310","post","type-post","status-publish","format-standard","has-post-thumbnail","hentry","category-cultura-entretenimiento","category-deliberando","category-diario-armstrong","category-locales","category-politica","tag-jueves-8-de-noviembre-dia-del-empleado-municipal"],"jetpack_publicize_connections":[],"jetpack_featured_media_url":"https:\/\/armstrongyregion.com.ar\/diario\/wp-content\/uploads\/2015\/07\/IMG-20150723-WA0049.jpg","jetpack_shortlink":"https:\/\/wp.me\/p62QDO-51s","jetpack_sharing_enabled":true,"amp_enabled":true,"_links":{"self":[{"href":"https:\/\/armstrongyregion.com.ar\/diario\/wp-json\/wp\/v2\/posts\/19310","targetHints":{"allow":["GET"]}}],"collection":[{"href":"https:\/\/armstrongyregion.com.ar\/diario\/wp-json\/wp\/v2\/posts"}],"about":[{"href":"https:\/\/armstrongyregion.com.ar\/diario\/wp-json\/wp\/v2\/types\/post"}],"author":[{"embeddable":true,"href":"https:\/\/armstrongyregion.com.ar\/diario\/wp-json\/wp\/v2\/users\/1"}],"replies":[{"embeddable":true,"href":"https:\/\/armstrongyregion.com.ar\/diario\/wp-json\/wp\/v2\/comments?post=19310"}],"version-history":[{"count":0,"href":"https:\/\/armstrongyregion.com.ar\/diario\/wp-json\/wp\/v2\/posts\/19310\/revisions"}],"wp:featuredmedia":[{"embeddable":true,"href":"https:\/\/armstrongyregion.com.ar\/diario\/wp-json\/wp\/v2\/media\/3231"}],"wp:attachment":[{"href":"https:\/\/armstrongyregion.com.ar\/diario\/wp-json\/wp\/v2\/media?parent=19310"}],"wp:term":[{"taxonomy":"category","embeddable":true,"href":"https:\/\/armstrongyregion.com.ar\/diario\/wp-json\/wp\/v2\/categories?post=19310"},{"taxonomy":"post_tag","embeddable":true,"href":"https:\/\/armstrongyregion.com.ar\/diario\/wp-json\/wp\/v2\/tags?post=19310"}],"curies":[{"name":"wp","href":"https:\/\/api.w.org\/{rel}","templated":true}]}}