{"id":19300,"date":"2018-11-07T13:31:02","date_gmt":"2018-11-07T13:31:02","guid":{"rendered":"https:\/\/armstrongyregion.com.ar\/diario\/?p=19300"},"modified":"2018-11-07T15:26:56","modified_gmt":"2018-11-07T15:26:56","slug":"armstrong-ultima-feria-mensual-del-ano-2019","status":"publish","type":"post","link":"https:\/\/armstrongyregion.com.ar\/diario\/armstrong-ultima-feria-mensual-del-ano-2019\/","title":{"rendered":"Armstrong. \u00daltima feria mensual del a\u00f1o 2018."},"content":{"rendered":"<p><a href=\"http:\/\/armstrongyregion.com.ar\/diario\/wp-content\/uploads\/2018\/11\/feria-nov-2018.jpg\"><img loading=\"lazy\" decoding=\"async\" class=\"alignnone size-full wp-image-19301\" src=\"http:\/\/armstrongyregion.com.ar\/diario\/wp-content\/uploads\/2018\/11\/feria-nov-2018.jpg\" alt=\"feria nov 2018\" width=\"768\" height=\"542\" srcset=\"https:\/\/armstrongyregion.com.ar\/diario\/wp-content\/uploads\/2018\/11\/feria-nov-2018.jpg 768w, https:\/\/armstrongyregion.com.ar\/diario\/wp-content\/uploads\/2018\/11\/feria-nov-2018-300x212.jpg 300w\" sizes=\"auto, (max-width: 768px) 100vw, 768px\" \/><\/a>El domingo 11 de noviembre desde las 17 hs., la Feria Sabores y Colores Locales realizar\u00e1 la \u00faltima presentaci\u00f3n de este a\u00f1o en el predio artesanal del parque Bracito Fuerte.<\/p>\n<p>M\u00e1s de 40 emprendedores de nuestra ciudad y la regi\u00f3n ofrecer\u00e1n sus productos elaborados artesanalmente, mientras se suceder\u00e1n los n\u00fameros art\u00edsticos previstos para la jornada: Desfile de modas de la agencia Ragazza Model, Grupo Bevacqua, cumbia cruzada con el grupo \u201cCruzados por la Cumbia de Bety y Ram\u00f3n\u201d, y Los Pr\u00edncipes de la Cumbia\u201d.<\/p>\n<p>Habr\u00e1 servicio de buffet y sorteos. Se suspende en caso de lluvia.<\/p>\n","protected":false},"excerpt":{"rendered":"<p>El domingo 11 de noviembre desde las 17 hs., la Feria Sabores y Colores Locales realizar\u00e1 la \u00faltima presentaci\u00f3n de este a\u00f1o en el predio artesanal del parque Bracito Fuerte. M\u00e1s de 40 emprendedores de nuestra ciudad y la regi\u00f3n ofrecer\u00e1n sus productos elaborados artesanalmente, mientras se suceder\u00e1n los n\u00fameros art\u00edsticos previstos para la jornada: <a href=\"https:\/\/armstrongyregion.com.ar\/diario\/armstrong-ultima-feria-mensual-del-ano-2019\/\" title=\"Read more\" >&#8230;<\/a><\/p>\n","protected":false},"author":1,"featured_media":19301,"comment_status":"open","ping_status":"open","sticky":false,"template":"","format":"standard","meta":{"_jetpack_memberships_contains_paid_content":false,"footnotes":"","jetpack_publicize_message":"","jetpack_publicize_feature_enabled":true,"jetpack_social_post_already_shared":false,"jetpack_social_options":{"image_generator_settings":{"template":"highway","default_image_id":0,"enabled":false},"version":2}},"categories":[6,8,1,2],"tags":[7296],"class_list":["post-19300","post","type-post","status-publish","format-standard","has-post-thumbnail","hentry","category-cultura-entretenimiento","category-deliberando","category-diario-armstrong","category-locales","tag-armstrong-ultima-feria-mensual-del-ano-2019"],"jetpack_publicize_connections":[],"jetpack_featured_media_url":"https:\/\/armstrongyregion.com.ar\/diario\/wp-content\/uploads\/2018\/11\/feria-nov-2018.jpg","jetpack_shortlink":"https:\/\/wp.me\/p62QDO-51i","jetpack_sharing_enabled":true,"amp_enabled":true,"_links":{"self":[{"href":"https:\/\/armstrongyregion.com.ar\/diario\/wp-json\/wp\/v2\/posts\/19300","targetHints":{"allow":["GET"]}}],"collection":[{"href":"https:\/\/armstrongyregion.com.ar\/diario\/wp-json\/wp\/v2\/posts"}],"about":[{"href":"https:\/\/armstrongyregion.com.ar\/diario\/wp-json\/wp\/v2\/types\/post"}],"author":[{"embeddable":true,"href":"https:\/\/armstrongyregion.com.ar\/diario\/wp-json\/wp\/v2\/users\/1"}],"replies":[{"embeddable":true,"href":"https:\/\/armstrongyregion.com.ar\/diario\/wp-json\/wp\/v2\/comments?post=19300"}],"version-history":[{"count":0,"href":"https:\/\/armstrongyregion.com.ar\/diario\/wp-json\/wp\/v2\/posts\/19300\/revisions"}],"wp:featuredmedia":[{"embeddable":true,"href":"https:\/\/armstrongyregion.com.ar\/diario\/wp-json\/wp\/v2\/media\/19301"}],"wp:attachment":[{"href":"https:\/\/armstrongyregion.com.ar\/diario\/wp-json\/wp\/v2\/media?parent=19300"}],"wp:term":[{"taxonomy":"category","embeddable":true,"href":"https:\/\/armstrongyregion.com.ar\/diario\/wp-json\/wp\/v2\/categories?post=19300"},{"taxonomy":"post_tag","embeddable":true,"href":"https:\/\/armstrongyregion.com.ar\/diario\/wp-json\/wp\/v2\/tags?post=19300"}],"curies":[{"name":"wp","href":"https:\/\/api.w.org\/{rel}","templated":true}]}}