{"id":19270,"date":"2018-11-05T15:48:40","date_gmt":"2018-11-05T15:48:40","guid":{"rendered":"https:\/\/armstrongyregion.com.ar\/diario\/?p=19270"},"modified":"2018-11-05T15:48:40","modified_gmt":"2018-11-05T15:48:40","slug":"desde-el-domingo-el-boleto-de-omnibus-interurbano-es-mas-caro","status":"publish","type":"post","link":"https:\/\/armstrongyregion.com.ar\/diario\/desde-el-domingo-el-boleto-de-omnibus-interurbano-es-mas-caro\/","title":{"rendered":"Desde el domingo, el boleto de \u00f3mnibus interurbano es m\u00e1s caro"},"content":{"rendered":"<p><a href=\"http:\/\/armstrongyregion.com.ar\/diario\/wp-content\/uploads\/2018\/05\/Colectivos-amarillos-.jpg\"><img loading=\"lazy\" decoding=\"async\" src=\"http:\/\/armstrongyregion.com.ar\/diario\/wp-content\/uploads\/2018\/05\/Colectivos-amarillos-.jpg\" alt=\"Colectivos-amarillos-\" width=\"768\" height=\"411\" class=\"alignnone size-full wp-image-17223\" srcset=\"https:\/\/armstrongyregion.com.ar\/diario\/wp-content\/uploads\/2018\/05\/Colectivos-amarillos-.jpg 768w, https:\/\/armstrongyregion.com.ar\/diario\/wp-content\/uploads\/2018\/05\/Colectivos-amarillos--300x161.jpg 300w\" sizes=\"auto, (max-width: 768px) 100vw, 768px\" \/><\/a>Desde la hora cero del domingo subieron un 25 por ciento en el territorio santafesino. Es el tercer incremento en lo que va del a\u00f1o y acumula un 55 por ciento.<br \/>\nEl boleto del transporte automotor de pasajeros interurbano aumentar\u00e1 un 25 por ciento desde la hora cero del domingo, tal como lo inform\u00f3 la Secretar\u00eda de Transporte de la provincia de Santa Fe. De esta forma, el pasaje acusa su tercer incremento en lo que va del a\u00f1o. Ya hab\u00eda aumentado un 8,53 por ciento en abril y otro 14,47 por ciento en agosto, lo cual sumado al 25 por ciento de ahora significa que ya acumula un 55,3 por ciento a lo largo de 2018, valor que podr\u00eda superarse ya que no se ha descartado otro incremento antes del 31 de diciembre.<\/p>\n<p>Al respecto, el titular de la C\u00e1mara Empresaria del Transporte Multimodal de Pasajeros (Cetramp), Sa\u00fal Isacson, indic\u00f3 que el incremento se justifica en \u00abel aumento de costos que hab\u00edan sufrido en el \u00faltimo tiempo\u00bb.<\/p>\n","protected":false},"excerpt":{"rendered":"<p>Desde la hora cero del domingo subieron un 25 por ciento en el territorio santafesino. Es el tercer incremento en lo que va del a\u00f1o y acumula un 55 por ciento. El boleto del transporte automotor de pasajeros interurbano aumentar\u00e1 un 25 por ciento desde la hora cero del domingo, tal como lo inform\u00f3 la <a href=\"https:\/\/armstrongyregion.com.ar\/diario\/desde-el-domingo-el-boleto-de-omnibus-interurbano-es-mas-caro\/\" title=\"Read more\" >&#8230;<\/a><\/p>\n","protected":false},"author":1,"featured_media":17223,"comment_status":"open","ping_status":"open","sticky":false,"template":"","format":"standard","meta":{"_jetpack_memberships_contains_paid_content":false,"footnotes":"","jetpack_publicize_message":"","jetpack_publicize_feature_enabled":true,"jetpack_social_post_already_shared":false,"jetpack_social_options":{"image_generator_settings":{"template":"highway","default_image_id":0,"enabled":false},"version":2}},"categories":[8,1,2,7,3],"tags":[7287,7288],"class_list":["post-19270","post","type-post","status-publish","format-standard","has-post-thumbnail","hentry","category-deliberando","category-diario-armstrong","category-locales","category-politica","category-region","tag-desde-el-domingo","tag-el-boleto-de-omnibus-interurbano-es-mas-caro"],"jetpack_publicize_connections":[],"jetpack_featured_media_url":"https:\/\/armstrongyregion.com.ar\/diario\/wp-content\/uploads\/2018\/05\/Colectivos-amarillos-.jpg","jetpack_shortlink":"https:\/\/wp.me\/p62QDO-50O","jetpack_sharing_enabled":true,"amp_enabled":true,"_links":{"self":[{"href":"https:\/\/armstrongyregion.com.ar\/diario\/wp-json\/wp\/v2\/posts\/19270","targetHints":{"allow":["GET"]}}],"collection":[{"href":"https:\/\/armstrongyregion.com.ar\/diario\/wp-json\/wp\/v2\/posts"}],"about":[{"href":"https:\/\/armstrongyregion.com.ar\/diario\/wp-json\/wp\/v2\/types\/post"}],"author":[{"embeddable":true,"href":"https:\/\/armstrongyregion.com.ar\/diario\/wp-json\/wp\/v2\/users\/1"}],"replies":[{"embeddable":true,"href":"https:\/\/armstrongyregion.com.ar\/diario\/wp-json\/wp\/v2\/comments?post=19270"}],"version-history":[{"count":0,"href":"https:\/\/armstrongyregion.com.ar\/diario\/wp-json\/wp\/v2\/posts\/19270\/revisions"}],"wp:featuredmedia":[{"embeddable":true,"href":"https:\/\/armstrongyregion.com.ar\/diario\/wp-json\/wp\/v2\/media\/17223"}],"wp:attachment":[{"href":"https:\/\/armstrongyregion.com.ar\/diario\/wp-json\/wp\/v2\/media?parent=19270"}],"wp:term":[{"taxonomy":"category","embeddable":true,"href":"https:\/\/armstrongyregion.com.ar\/diario\/wp-json\/wp\/v2\/categories?post=19270"},{"taxonomy":"post_tag","embeddable":true,"href":"https:\/\/armstrongyregion.com.ar\/diario\/wp-json\/wp\/v2\/tags?post=19270"}],"curies":[{"name":"wp","href":"https:\/\/api.w.org\/{rel}","templated":true}]}}