{"id":19262,"date":"2018-11-05T12:02:30","date_gmt":"2018-11-05T12:02:30","guid":{"rendered":"https:\/\/armstrongyregion.com.ar\/diario\/?p=19262"},"modified":"2018-11-05T12:02:30","modified_gmt":"2018-11-05T12:02:30","slug":"estiman-una-fuerte-caida-en-las-ventas-de-maquinaria-agricola","status":"publish","type":"post","link":"https:\/\/armstrongyregion.com.ar\/diario\/estiman-una-fuerte-caida-en-las-ventas-de-maquinaria-agricola\/","title":{"rendered":"Estiman una fuerte ca\u00edda en las ventas de maquinaria agr\u00edcola."},"content":{"rendered":"<p><a href=\"http:\/\/armstrongyregion.com.ar\/diario\/wp-content\/uploads\/2016\/12\/crucianelli-cafma.jpg\"><img loading=\"lazy\" decoding=\"async\" src=\"http:\/\/armstrongyregion.com.ar\/diario\/wp-content\/uploads\/2016\/12\/crucianelli-cafma.jpg\" alt=\"crucianelli-cafma\" width=\"768\" height=\"539\" class=\"alignnone size-full wp-image-10816\" srcset=\"https:\/\/armstrongyregion.com.ar\/diario\/wp-content\/uploads\/2016\/12\/crucianelli-cafma.jpg 768w, https:\/\/armstrongyregion.com.ar\/diario\/wp-content\/uploads\/2016\/12\/crucianelli-cafma-300x211.jpg 300w\" sizes=\"auto, (max-width: 768px) 100vw, 768px\" \/><\/a>Las ventas del sector se reducir\u00e1n en 2018 entre un 30 y un 40 por ciento, producto de la suba en las tasas.<br \/>\n\u00abEstamos manejando n\u00fameros de ca\u00edda de ventas de entre un 30 por ciento y un 40 por ciento para este a\u00f1o, que arranc\u00f3 no tan mal pero se fue complicando, primero por la falta de cr\u00e9dito para vender las m\u00e1quinas y, despu\u00e9s, por esta suba de tasas de inter\u00e9s, que suma una presi\u00f3n muy dif\u00edcil\u00bb, explic\u00f3 el presidente de C\u00e1mara de Fabricantes de Maquinar\u00eda Agr\u00edcola (Cafma), Ra\u00fal Crucianelli.<\/p>\n<p>Adem\u00e1s, en una entrevista, el dirigente empresario remarc\u00f3 que los fabricantes se manten\u00edan \u00aben di\u00e1logo permanentemente con el ministro de Producci\u00f3n, Dante Sica, para ver c\u00f3mo podemos mejorar esta situaci\u00f3n entre todos\u00bb.<\/p>\n<p>\u00abEl ministro nos dice que el pa\u00eds est\u00e1 pasando por un problema financiero que excede al sector y hay una transformaci\u00f3n y que tenemos que poner el hombro. La maquinaria agr\u00edcola no escapa a lo que le pasa a la Argentina, pero nos escucha, y eso lo valoramos mucho\u00bb, se\u00f1al\u00f3.<\/p>\n<p>Adem\u00e1s, apunt\u00f3 que \u00abel primer problema que tuvimos es que se terminaron las l\u00edneas de cr\u00e9ditos con subsidios en mayo y junio para comprar maquinaria, y nosotros vendemos el 70 por ciento del total de nuestras ventas con financiamiento\u00bb.<\/p>\n<p>El empresario, propietario de Crucianelli Sembradoras en la localidad santafesina de Armstrong, se\u00f1al\u00f3 que \u00abhoy algunas empresas est\u00e1n aportando financiamiento para que los productores puedan comprar, pero a plazos de pocos meses, y con estas tasas de inter\u00e9s, no es algo que se pueda sostener mucho tiempo\u00bb.<\/p>\n<p>Respecto al futuro del sector, Crucianelli dijo ser \u00aboptimista\u00bb. \u00abTrato de ver el vaso medio lleno, pero vamos a tener que esperar que lleguen las nuevas cosechas y bajen las tasas, eso nos da unos 3 o 4 meses por delante muy dif\u00edciles\u00bb, se\u00f1al\u00f3.<\/p>\n<p>Asimismo, agreg\u00f3 que \u00abpara muchas empresas del interior llegar a marzo o abril es una eternidad porque hace meses no venden nada\u00bb.<\/p>\n<p>Respecto a la situaci\u00f3n de los puestos de trabajo del sector, Crucianelli se\u00f1al\u00f3 que \u00abpese a que hay varias empresas comprometidas, la l\u00f3gica del sector es la de aguantar y no despedir gente\u00bb.<\/p>\n<p>De las cerca de 120 empresas que componen la c\u00e1mara hay alrededor de 30 en negociaciones para iniciar el Proceso Preventivo de Crisis y pedidos para que mediante Programa de Recuperaci\u00f3n Productiva (Repro) la situaci\u00f3n se haga m\u00e1s llevadera.<\/p>\n<p>Fuente: La Capital (Rosario)<\/p>\n","protected":false},"excerpt":{"rendered":"<p>Las ventas del sector se reducir\u00e1n en 2018 entre un 30 y un 40 por ciento, producto de la suba en las tasas. \u00abEstamos manejando n\u00fameros de ca\u00edda de ventas de entre un 30 por ciento y un 40 por ciento para este a\u00f1o, que arranc\u00f3 no tan mal pero se fue complicando, primero por <a href=\"https:\/\/armstrongyregion.com.ar\/diario\/estiman-una-fuerte-caida-en-las-ventas-de-maquinaria-agricola\/\" title=\"Read more\" >&#8230;<\/a><\/p>\n","protected":false},"author":1,"featured_media":10816,"comment_status":"open","ping_status":"open","sticky":false,"template":"","format":"standard","meta":{"_jetpack_memberships_contains_paid_content":false,"footnotes":"","jetpack_publicize_message":"","jetpack_publicize_feature_enabled":true,"jetpack_social_post_already_shared":false,"jetpack_social_options":{"image_generator_settings":{"template":"highway","default_image_id":0,"enabled":false},"version":2}},"categories":[8,1,2819,2,7,3],"tags":[7284],"class_list":["post-19262","post","type-post","status-publish","format-standard","has-post-thumbnail","hentry","category-deliberando","category-diario-armstrong","category-el-pais","category-locales","category-politica","category-region","tag-estiman-una-fuerte-caida-en-las-ventas-de-maquinaria-agricola"],"jetpack_publicize_connections":[],"jetpack_featured_media_url":"https:\/\/armstrongyregion.com.ar\/diario\/wp-content\/uploads\/2016\/12\/crucianelli-cafma.jpg","jetpack_shortlink":"https:\/\/wp.me\/p62QDO-50G","jetpack_sharing_enabled":true,"amp_enabled":true,"_links":{"self":[{"href":"https:\/\/armstrongyregion.com.ar\/diario\/wp-json\/wp\/v2\/posts\/19262","targetHints":{"allow":["GET"]}}],"collection":[{"href":"https:\/\/armstrongyregion.com.ar\/diario\/wp-json\/wp\/v2\/posts"}],"about":[{"href":"https:\/\/armstrongyregion.com.ar\/diario\/wp-json\/wp\/v2\/types\/post"}],"author":[{"embeddable":true,"href":"https:\/\/armstrongyregion.com.ar\/diario\/wp-json\/wp\/v2\/users\/1"}],"replies":[{"embeddable":true,"href":"https:\/\/armstrongyregion.com.ar\/diario\/wp-json\/wp\/v2\/comments?post=19262"}],"version-history":[{"count":0,"href":"https:\/\/armstrongyregion.com.ar\/diario\/wp-json\/wp\/v2\/posts\/19262\/revisions"}],"wp:featuredmedia":[{"embeddable":true,"href":"https:\/\/armstrongyregion.com.ar\/diario\/wp-json\/wp\/v2\/media\/10816"}],"wp:attachment":[{"href":"https:\/\/armstrongyregion.com.ar\/diario\/wp-json\/wp\/v2\/media?parent=19262"}],"wp:term":[{"taxonomy":"category","embeddable":true,"href":"https:\/\/armstrongyregion.com.ar\/diario\/wp-json\/wp\/v2\/categories?post=19262"},{"taxonomy":"post_tag","embeddable":true,"href":"https:\/\/armstrongyregion.com.ar\/diario\/wp-json\/wp\/v2\/tags?post=19262"}],"curies":[{"name":"wp","href":"https:\/\/api.w.org\/{rel}","templated":true}]}}