{"id":19249,"date":"2018-11-03T16:22:18","date_gmt":"2018-11-03T16:22:18","guid":{"rendered":"https:\/\/armstrongyregion.com.ar\/diario\/?p=19249"},"modified":"2018-11-13T18:07:02","modified_gmt":"2018-11-13T18:07:02","slug":"cronica-de-un-viaje-cultural-la-experiencia-del-programa-erasmus-parte-iii","status":"publish","type":"post","link":"https:\/\/armstrongyregion.com.ar\/diario\/cronica-de-un-viaje-cultural-la-experiencia-del-programa-erasmus-parte-iii\/","title":{"rendered":"Cr\u00f3nica de un viaje cultural: la experiencia del programa ERASMUS+ (Parte III)"},"content":{"rendered":"<p style=\"text-align: right;\"><em>\u00abEl ciudadano medio de Ocean\u00eda nunca ve a un ciudadano de Eurasia o de Asia Oriental -aparte de los prisioneros- y se le proh\u00edbe que aprenda lenguas extranjeras. Si se le permitiera entrar en relaci\u00f3n con extranjeros, descubrir\u00eda que son criaturas iguales a \u00e9l en lo esencial y que casi todo lo que se le ha dicho sobre ellos es una sarta de mentiras.\u00bb<br \/>\n<\/em><br \/>\n&#8211; George Orwell, \u201c1984\u201d &#8211;<\/p>\n<p>&nbsp;<\/p>\n<div style=\"width: 160px\" class=\"wp-caption alignleft\"><a href=\"http:\/\/armstrongyregion.com.ar\/diario\/wp-content\/uploads\/2018\/10\/WhatsApp-Image-2018-10-19-at-20.03.151.jpeg\"><img loading=\"lazy\" decoding=\"async\" class=\"alignleft size-thumbnail wp-image-19071\" src=\"http:\/\/armstrongyregion.com.ar\/diario\/wp-content\/uploads\/2018\/10\/WhatsApp-Image-2018-10-19-at-20.03.151-150x150.jpeg\" alt=\"WhatsApp Image 2018-10-19 at 20.03.15\" width=\"150\" height=\"150\" srcset=\"https:\/\/armstrongyregion.com.ar\/diario\/wp-content\/uploads\/2018\/10\/WhatsApp-Image-2018-10-19-at-20.03.151-150x150.jpeg 150w, https:\/\/armstrongyregion.com.ar\/diario\/wp-content\/uploads\/2018\/10\/WhatsApp-Image-2018-10-19-at-20.03.151-144x144.jpeg 144w\" sizes=\"auto, (max-width: 150px) 100vw, 150px\" \/><\/a><p class=\"wp-caption-text\"><a href=\"http:\/\/armstrongyregion.com.ar\/diario\/wp-content\/uploads\/2018\/10\/WhatsApp-Image-2018-10-19-at-20.03.15.jpeg\">\u00a0<\/a><br \/>Mar\u00eda Fernanda Olagaray<\/p><\/div>\n<p><strong>L<\/strong>a segunda semana en Europa comenzaba con la movilidad hacia Atenas. Para ese entonces el grupo ya hab\u00eda avanzado bastante en su consolidaci\u00f3n, aunque en ambas movilidades los respectivos locales resultaron un poco desventajados por no compartir alojamiento.<\/p>\n<p>Es interesante salirse del grupo en determinados momentos, para verlo desde afuera. Las interacciones entre integrantes, c\u00f3mo se muestra cada uno, o no. Hay quienes van m\u00e1s relajados y quienes montan un <em>alter ego<\/em> completo, quiz\u00e1s con la complicidad de la distancia de la cotidianidad. Pero en general la predisposici\u00f3n es buena, es un contexto favorable y sin grandes conflictos.<\/p>\n<p>En <a href=\"http:\/\/www.4-elements.org\/en\/home\/\" target=\"_blank\"><strong>4-elements<\/strong><\/a> realizamos varias actividades tendientes a la propia \u00a0percepci\u00f3n y a la de los dem\u00e1s, para luego poder abordar la cultura como corolario identitario y reci\u00e9n entonces poder pensar en la promoci\u00f3n.<\/p>\n<p><a href=\"http:\/\/armstrongyregion.com.ar\/diario\/wp-content\/uploads\/2018\/11\/2.jpg\"><img loading=\"lazy\" decoding=\"async\" class=\"alignright size-medium wp-image-19257\" src=\"http:\/\/armstrongyregion.com.ar\/diario\/wp-content\/uploads\/2018\/11\/2-300x225.jpg\" alt=\"2\" width=\"300\" height=\"225\" srcset=\"https:\/\/armstrongyregion.com.ar\/diario\/wp-content\/uploads\/2018\/11\/2-300x225.jpg 300w, https:\/\/armstrongyregion.com.ar\/diario\/wp-content\/uploads\/2018\/11\/2.jpg 960w\" sizes=\"auto, (max-width: 300px) 100vw, 300px\" \/><\/a>As\u00ed fue como el primer ejercicio fue elegir cada uno, un adjetivo que lo identificara. <em>\u201cCurioso\u201d<\/em> fue uno de los m\u00e1s elegidos. <em>\u201cAmigable\u201d, \u201cgracioso\u201d<\/em>,<em> \u201cla que est\u00e1 siempre enferma\u201d, \u201cla chica del mate\u201d, \u201cla que siempre tiene hambre\u201d<\/em> fueron otras maneras de describirse.<br \/>\nLo siguiente fue trabajar en retratos colectivos: nos sentamos en dos filas enfrentadas. Los de una permanecer\u00edan quietos para ser retratados, mientras que los de la otra, retratar\u00edan a quien tuvieran enfrente, pero corri\u00e9ndose un lugar cada vez que la m\u00fasica se detuviera, de manera que todos los de la fila aportar\u00edan alg\u00fan trazo a cada retrato. Luego se invertir\u00edan los roles de las filas.<br \/>\nTengo una cicatriz en la cara, junto al ojo derecho. Por un momento, mi miedo fue que por alg\u00fan reparo est\u00e9tico no me la dibujaran. Con alegr\u00eda descubr\u00ed que s\u00ed la hab\u00edan dibujado. Es parte de mi esquema corporal y que no fuese dibujada, hubiera sido equivalente a usar Photoshop. Not\u00e9 que todos tuvieron su retrato fiel, sin censuras.<\/p>\n<p>Los dibujos fueron colgados en la pared y les anexamos sobres donde nos dejar\u00edamos mensajes an\u00f3nimos unos a otros a lo largo de la semana.<\/p>\n<p>Una vez presentados individualmente trabajamos la interacci\u00f3n grupal. A cada uno de nosotros nos dieron un n\u00famero secreto y nos vendaron los ojos. Sin poder hablar ni emitir sonidos con la voz, tendr\u00edamos que encontrar a quien tuviese nuestro n\u00famero anterior y posterior, para as\u00ed poder formar una fila del 1 al 30. Se preguntar\u00e1n c\u00f3mo, pero se logra, aunque con algunos errores.<br \/>\nTuvimos la posibilidad de discutir sin vendas y mediante el habla, c\u00f3mo mejorar la estrategia, para luego repetir el ejercicio. Pero cuando est\u00e1bamos listos y seguros de que esta vez no fallar\u00edamos, nos cambiaron las reglas del juego: en lugar de n\u00fameros, nos dieron letras. As\u00ed es la vida despu\u00e9s de todo, las cosas no siempre salen conforme lo planeado y debemos desarrollar nuevas estrategias superadoras.<\/p>\n<p>Las actividades siguientes estuvieron orientadas a conocer el patrimonio y su manera de promoverlo. Realizamos una visita guiada por el casco hist\u00f3rico de Atenas y vimos una serie de videos realizados por la <a href=\"https:\/\/es.unesco.org\/\" target=\"_blank\"><strong>UNESCO<\/strong> <\/a>y protagonizados por \u201c<a href=\"https:\/\/whc.unesco.org\/en\/patrimonito\/\" target=\"_blank\"><strong>Patrimonito<\/strong><\/a>\u201d, un personaje animado.<br \/>\n<a href=\"http:\/\/armstrongyregion.com.ar\/diario\/wp-content\/uploads\/2018\/11\/5.jpg\"><img loading=\"lazy\" decoding=\"async\" class=\"alignleft wp-image-19259 size-thumbnail\" src=\"http:\/\/armstrongyregion.com.ar\/diario\/wp-content\/uploads\/2018\/11\/5-150x150.jpg\" alt=\"5\" width=\"150\" height=\"150\" srcset=\"https:\/\/armstrongyregion.com.ar\/diario\/wp-content\/uploads\/2018\/11\/5-150x150.jpg 150w, https:\/\/armstrongyregion.com.ar\/diario\/wp-content\/uploads\/2018\/11\/5-144x144.jpg 144w\" sizes=\"auto, (max-width: 150px) 100vw, 150px\" \/><\/a>Nos dividimos en grupos interculturales y se nos dio un \u00e1rea patrimonial, por ejemplo \u201c<em>Gastronom\u00eda<\/em>\u201d, \u201c<em>Entretenimiento y deportes<\/em>\u201d, etc., con una gu\u00eda de puntos a descubrir en cada uno. A mi grupo le toc\u00f3 averiguar qu\u00e9 eran los <em>Tsolias<\/em>, describirlos y fotografiarnos junto a ellos; luego ten\u00edamos que dirigirnos al barrio de <em>Plaka<\/em> y hablar con alg\u00fan nativo respecto a qu\u00e9 opinaba sobre la <em>turificaci\u00f3n<\/em> y los aportes del turismo a la econom\u00eda. En cada grupo hab\u00eda un integrante griego, lo cual nos ayudaba a localizar los puntos a investigar m\u00e1s r\u00e1pidamente. Una tarea de colaboraci\u00f3n y descubrimiento.<br \/>\n<a href=\"http:\/\/armstrongyregion.com.ar\/diario\/wp-content\/uploads\/2018\/11\/3.jpg\"><img loading=\"lazy\" decoding=\"async\" class=\"alignright size-medium wp-image-19258\" src=\"http:\/\/armstrongyregion.com.ar\/diario\/wp-content\/uploads\/2018\/11\/3-300x200.jpg\" alt=\"3\" width=\"300\" height=\"200\" srcset=\"https:\/\/armstrongyregion.com.ar\/diario\/wp-content\/uploads\/2018\/11\/3-300x200.jpg 300w, https:\/\/armstrongyregion.com.ar\/diario\/wp-content\/uploads\/2018\/11\/3.jpg 960w\" sizes=\"auto, (max-width: 300px) 100vw, 300px\" \/><\/a>Visitamos el \u201c<a href=\"https:\/\/athens.impacthub.net\/en\/kypseli-municipal-market\/\" target=\"_blank\"><strong>Dimotiki Agora Kipselis<\/strong><\/a>\u201d (la traducci\u00f3n es algo as\u00ed como \u201cpanal de abejas\u201d), el sue\u00f1o de Lisa Simpson. Es una especie de feria de emprendimientos cuyo com\u00fan denominador es un valor ecol\u00f3gico o humanitario: venta de jugos org\u00e1nicos; proyectos de integraci\u00f3n laboral de discapacitados, en la reventa de objetos usados y venta de fotograf\u00edas; ayuda a refugiados, financiada por el <strong><a href=\"https:\/\/drc.ngo\/\" target=\"_blank\">gobierno Dan\u00e9s<\/a><\/strong> o por <a href=\"https:\/\/www.caritas.org\/\" target=\"_blank\"><strong>Caritas<\/strong><\/a> respectivamente.<\/p>\n<p>Har\u00e9 un alto en este \u00faltimo punto. Un principio que socialmente solemos aplicar de manera irreflexiva, es asignar al todo las cualidades de las partes, y eso es el origen tanto de prejuicios como de idealizaciones respecto a una naci\u00f3n. A lo que voy, es que no puedo generalizar a la totalidad de Europa (o de Grecia) esto que voy a contarles, pero s\u00ed al menos pude tomar contacto con una perspectiva muy diferente a la que nos llega a trav\u00e9s de los medios masivos de comunicaci\u00f3n, desde el impulso de quienes detentan el poder pol\u00edtico de los distintos pa\u00edses, y es el tema de los refugiados o inmigrantes.<\/p>\n<p>Escuchamos aqu\u00ed que son un problema, que nadie los quiere, que todos los pa\u00edses \u201ccivilizados\u201d los desprecian. Excede los l\u00edmites de esta columna el an\u00e1lisis de la problem\u00e1tica de las migraciones, sobre la cual creo que nos debemos un debate honesto que agote la senda del medio entre la xenofobia y el asistencialismo, pero debo decirles que vi muchas muestras de trabajo concreto en pos de la integraci\u00f3n del inmigrante. Habl\u00e9 con una de las italianas del grupo: \u201clas personas que llegan de otros pa\u00edses vienen buscando una mejor manera de vivir. Todas las personas tienen ese derecho\u201d, me dijo, en una muestra de comprensi\u00f3n y empat\u00eda. En el hostel conocimos a Ana, una uruguaya que estaba all\u00ed tambi\u00e9n por un programa <a href=\"https:\/\/ec.europa.eu\/programmes\/erasmus-plus\/node_es\" target=\"_blank\"><strong>ERASMUS+<\/strong><\/a>, pero de mayor duraci\u00f3n que el nuestro. Todas las tardes se dedicaba a dar clases a refugiados. Y as\u00ed tambi\u00e9n hay varias ONG de ayuda comunitaria, como las que vimos en el \u201c<em>Kipselis<\/em>\u201d, que colaboran con la ense\u00f1anza de oficios, la inserci\u00f3n laboral, el aprendizaje de idiomas y la tramitaci\u00f3n de documentos para los inmigrantes.<br \/>\n\u00bfSe imaginan cu\u00e1nto m\u00e1s sencillo hubiese sido para nuestros abuelos y bisabuelos que existiera ese tipo de auxilio cuando llegaron a nuestro continente?<\/p>\n<p>Finalmente lleg\u00f3 el momento de la pr\u00e1ctica. Con la misma matriz de grupos plurales debimos salir a la calle a difundir cultura mediante la interacci\u00f3n con los transe\u00fantes. Algunos grupos llevaron mate para hacer degustaciones, otros bailaron (y sacaron a bailar) cuarteto y tarantela, hubo quienes hicieron una trivia sobre los cuatro pa\u00edses que represent\u00e1bamos y quienes salieron con auriculares invitando a escuchar las diferentes m\u00fasicas t\u00edpicas para luego elegir cu\u00e1l gustaba m\u00e1s o menos. En todos los casos, el componente vivencial fue determinante: <em>\u201cD\u00edmelo y lo olvidar\u00e9, mu\u00e9stramelo y lo recordar\u00e9, invol\u00facrame y aprender\u00e9\u201d<\/em>. En mi grupo elegimo<a href=\"http:\/\/armstrongyregion.com.ar\/diario\/wp-content\/uploads\/2018\/11\/1.jpg\"><img loading=\"lazy\" decoding=\"async\" class=\"alignright size-medium wp-image-19256\" src=\"http:\/\/armstrongyregion.com.ar\/diario\/wp-content\/uploads\/2018\/11\/1-300x225.jpg\" alt=\"1\" width=\"300\" height=\"225\" srcset=\"https:\/\/armstrongyregion.com.ar\/diario\/wp-content\/uploads\/2018\/11\/1-300x225.jpg 300w, https:\/\/armstrongyregion.com.ar\/diario\/wp-content\/uploads\/2018\/11\/1.jpg 960w\" sizes=\"auto, (max-width: 300px) 100vw, 300px\" \/><\/a>s juegos tradicionales y salimos a jugar con la gente. Terminada la experiencia, le pregunt\u00e9 a mis compa\u00f1eros (italianos y espa\u00f1oles) qu\u00e9 idea ten\u00edan ellos sobre los argentinos, d\u00e1ndoles la confianza de decirme incluso lo que no fuera tan bueno. Ninguno pudo esbozar un preconcepto de manera concluyente. Les dije que nosotros creemos tener fama mundial de ventajeros y les habl\u00e9 de la tristemente c\u00e9lebre <em>\u201cviveza criolla\u201d<\/em>. Una vez m\u00e1s, en este caso otra de las italianas del grupo, me respondi\u00f3: <em>\u201ctodas las personas son de una determinada manera y los pa\u00edses tienen tanto gente buena como mala. Eso no significa que todos sean iguales. Y para el caso de aquellos que no se comportan adecuadamente, tambi\u00e9n habr\u00e1 que averiguar por qu\u00e9, ya que muchas veces son empujados por ciertas pol\u00edticas gubernamentales a obrar de ciertas maneras\u201d.<\/em><\/p>\n<p>Simple. Despojado del miedo y los prejuicios, se mira mejor.<\/p>\n<p>&nbsp;<\/p>\n<p><em><strong>&#8211; Mar\u00eda Fernanda Olagaray &#8211;<\/strong><\/em><\/p>\n<p>&nbsp;<\/p>\n<p><em><strong>Le\u00e9 tambi\u00e9n&#8230;<\/strong><\/em><\/p>\n<p><strong><a href=\"https:\/\/armstrongyregion.com.ar\/diario\/cronica-de-un-viaje-cultural-la-experiencia-del-programa-erasmus-parte-i\/\" target=\"_blank\">Cr\u00f3nica de un viaje cultural: la experiencia del programa ERASMUS+ (Parte I)<\/a><\/strong><\/p>\n<p><strong><a href=\"https:\/\/armstrongyregion.com.ar\/diario\/cronica-de-un-viaje-cultural-la-experiencia-del-programa-erasmus-parte-ii\/\">Cr\u00f3nica de un viaje cultural: la experiencia del programa ERASMUS+ (Parte II)<\/a><\/strong><\/p>\n<p><strong><a href=\"https:\/\/armstrongyregion.com.ar\/diario\/cronica-de-un-viaje-cultural-la-experiencia-del-programa-erasmus-parte-iv\/\" target=\"_blank\">Cr\u00f3nica de un viaje cultural: la experiencia del programa ERASMUS+ (Parte IV).<\/a><\/strong><\/p>\n<p>&nbsp;<\/p>\n","protected":false},"excerpt":{"rendered":"<p>\u00abEl ciudadano medio de Ocean\u00eda nunca ve a un ciudadano de Eurasia o de Asia Oriental -aparte de los prisioneros- y se le proh\u00edbe que aprenda lenguas extranjeras. Si se le permitiera entrar en relaci\u00f3n con extranjeros, descubrir\u00eda que son criaturas iguales a \u00e9l en lo esencial y que casi todo lo que se le <a href=\"https:\/\/armstrongyregion.com.ar\/diario\/cronica-de-un-viaje-cultural-la-experiencia-del-programa-erasmus-parte-iii\/\" title=\"Read more\" >&#8230;<\/a><\/p>\n","protected":false},"author":9,"featured_media":19256,"comment_status":"open","ping_status":"open","sticky":false,"template":"","format":"standard","meta":{"_jetpack_memberships_contains_paid_content":false,"footnotes":"","jetpack_publicize_message":"","jetpack_publicize_feature_enabled":true,"jetpack_social_post_already_shared":false,"jetpack_social_options":{"image_generator_settings":{"template":"highway","default_image_id":0,"enabled":false},"version":2}},"categories":[6,1],"tags":[7231,7283,7230,7227,7232,6587,7234,7233,7228],"class_list":["post-19249","post","type-post","status-publish","format-standard","has-post-thumbnail","hentry","category-cultura-entretenimiento","category-diario-armstrong","tag-4-elements","tag-comunidad-europea","tag-cosvitec","tag-erasmus","tag-magenta-consultoria","tag-maria-fernanda-olagaray","tag-municipalidad-de-armstrong","tag-provincia-di-salerno","tag-union-europea"],"jetpack_publicize_connections":[],"jetpack_featured_media_url":"https:\/\/armstrongyregion.com.ar\/diario\/wp-content\/uploads\/2018\/11\/1.jpg","jetpack_shortlink":"https:\/\/wp.me\/p62QDO-50t","jetpack_sharing_enabled":true,"amp_enabled":true,"_links":{"self":[{"href":"https:\/\/armstrongyregion.com.ar\/diario\/wp-json\/wp\/v2\/posts\/19249","targetHints":{"allow":["GET"]}}],"collection":[{"href":"https:\/\/armstrongyregion.com.ar\/diario\/wp-json\/wp\/v2\/posts"}],"about":[{"href":"https:\/\/armstrongyregion.com.ar\/diario\/wp-json\/wp\/v2\/types\/post"}],"author":[{"embeddable":true,"href":"https:\/\/armstrongyregion.com.ar\/diario\/wp-json\/wp\/v2\/users\/9"}],"replies":[{"embeddable":true,"href":"https:\/\/armstrongyregion.com.ar\/diario\/wp-json\/wp\/v2\/comments?post=19249"}],"version-history":[{"count":0,"href":"https:\/\/armstrongyregion.com.ar\/diario\/wp-json\/wp\/v2\/posts\/19249\/revisions"}],"wp:featuredmedia":[{"embeddable":true,"href":"https:\/\/armstrongyregion.com.ar\/diario\/wp-json\/wp\/v2\/media\/19256"}],"wp:attachment":[{"href":"https:\/\/armstrongyregion.com.ar\/diario\/wp-json\/wp\/v2\/media?parent=19249"}],"wp:term":[{"taxonomy":"category","embeddable":true,"href":"https:\/\/armstrongyregion.com.ar\/diario\/wp-json\/wp\/v2\/categories?post=19249"},{"taxonomy":"post_tag","embeddable":true,"href":"https:\/\/armstrongyregion.com.ar\/diario\/wp-json\/wp\/v2\/tags?post=19249"}],"curies":[{"name":"wp","href":"https:\/\/api.w.org\/{rel}","templated":true}]}}