{"id":19230,"date":"2018-11-01T12:36:28","date_gmt":"2018-11-01T12:36:28","guid":{"rendered":"https:\/\/armstrongyregion.com.ar\/diario\/?p=19230"},"modified":"2018-11-01T12:40:42","modified_gmt":"2018-11-01T12:40:42","slug":"presentan-una-denuncia-por-solicitud-de-paradero-en-la-comisaria-local","status":"publish","type":"post","link":"https:\/\/armstrongyregion.com.ar\/diario\/presentan-una-denuncia-por-solicitud-de-paradero-en-la-comisaria-local\/","title":{"rendered":"Presentan una denuncia por Solicitud de Paradero en la Comisar\u00eda Local."},"content":{"rendered":"<p><a href=\"http:\/\/armstrongyregion.com.ar\/diario\/wp-content\/uploads\/2018\/11\/Jonatan-Paz-.jpg\"><img loading=\"lazy\" decoding=\"async\" src=\"http:\/\/armstrongyregion.com.ar\/diario\/wp-content\/uploads\/2018\/11\/Jonatan-Paz-.jpg\" alt=\"Jonatan-Paz-\" width=\"768\" height=\"591\" class=\"alignnone size-full wp-image-19231\" srcset=\"https:\/\/armstrongyregion.com.ar\/diario\/wp-content\/uploads\/2018\/11\/Jonatan-Paz-.jpg 768w, https:\/\/armstrongyregion.com.ar\/diario\/wp-content\/uploads\/2018\/11\/Jonatan-Paz--300x231.jpg 300w\" sizes=\"auto, (max-width: 768px) 100vw, 768px\" \/><\/a><a Familiares de Jonatan Paz, de 27 a\u00f1os, denuncian que no tienen contacto con el joven desde el \u00faltimo s\u00e1bado.\nEl lunes, se present\u00f3 una denuncia en la Comisar\u00eda Tercera de Armstrong, donde se abri\u00f3 una investigaci\u00f3n para establecer el paradero del joven que habr\u00eda sido visto por ultima vez en la Terminal de \u00d3mnibus de nuestra ciudad.\n<\/p>\n","protected":false},"excerpt":{"rendered":"","protected":false},"author":1,"featured_media":19231,"comment_status":"open","ping_status":"open","sticky":false,"template":"","format":"standard","meta":{"_jetpack_memberships_contains_paid_content":false,"footnotes":"","jetpack_publicize_message":"","jetpack_publicize_feature_enabled":true,"jetpack_social_post_already_shared":false,"jetpack_social_options":{"image_generator_settings":{"template":"highway","default_image_id":0,"enabled":false},"version":2}},"categories":[8,1,2,2852],"tags":[7278],"class_list":["post-19230","post","type-post","status-publish","format-standard","has-post-thumbnail","hentry","category-deliberando","category-diario-armstrong","category-locales","category-policiales","tag-presentan-una-denuncia-por-solicitud-de-paradero-en-la-comisaria-local"],"jetpack_publicize_connections":[],"jetpack_featured_media_url":"https:\/\/armstrongyregion.com.ar\/diario\/wp-content\/uploads\/2018\/11\/Jonatan-Paz-.jpg","jetpack_shortlink":"https:\/\/wp.me\/p62QDO-50a","jetpack_sharing_enabled":true,"amp_enabled":true,"_links":{"self":[{"href":"https:\/\/armstrongyregion.com.ar\/diario\/wp-json\/wp\/v2\/posts\/19230","targetHints":{"allow":["GET"]}}],"collection":[{"href":"https:\/\/armstrongyregion.com.ar\/diario\/wp-json\/wp\/v2\/posts"}],"about":[{"href":"https:\/\/armstrongyregion.com.ar\/diario\/wp-json\/wp\/v2\/types\/post"}],"author":[{"embeddable":true,"href":"https:\/\/armstrongyregion.com.ar\/diario\/wp-json\/wp\/v2\/users\/1"}],"replies":[{"embeddable":true,"href":"https:\/\/armstrongyregion.com.ar\/diario\/wp-json\/wp\/v2\/comments?post=19230"}],"version-history":[{"count":0,"href":"https:\/\/armstrongyregion.com.ar\/diario\/wp-json\/wp\/v2\/posts\/19230\/revisions"}],"wp:featuredmedia":[{"embeddable":true,"href":"https:\/\/armstrongyregion.com.ar\/diario\/wp-json\/wp\/v2\/media\/19231"}],"wp:attachment":[{"href":"https:\/\/armstrongyregion.com.ar\/diario\/wp-json\/wp\/v2\/media?parent=19230"}],"wp:term":[{"taxonomy":"category","embeddable":true,"href":"https:\/\/armstrongyregion.com.ar\/diario\/wp-json\/wp\/v2\/categories?post=19230"},{"taxonomy":"post_tag","embeddable":true,"href":"https:\/\/armstrongyregion.com.ar\/diario\/wp-json\/wp\/v2\/tags?post=19230"}],"curies":[{"name":"wp","href":"https:\/\/api.w.org\/{rel}","templated":true}]}}