{"id":192,"date":"2014-12-29T12:43:28","date_gmt":"2014-12-29T12:43:28","guid":{"rendered":"https:\/\/armstrongyregion.com.ar\/diario\/?p=192"},"modified":"2014-12-29T12:43:28","modified_gmt":"2014-12-29T12:43:28","slug":"canada-de-gomez-el-centro-economico-reclamo-nuevamente-la-derogacion-de-la-ordenanza","status":"publish","type":"post","link":"https:\/\/armstrongyregion.com.ar\/diario\/canada-de-gomez-el-centro-economico-reclamo-nuevamente-la-derogacion-de-la-ordenanza\/","title":{"rendered":"Ca\u00f1ada de G\u00f3mez. El Centro Econ\u00f3mico reclam\u00f3 nuevamente la derogaci\u00f3n de la ordenanza."},"content":{"rendered":"<p><a href=\"http:\/\/armstrongyregion.com.ar\/diario\/wp-content\/uploads\/2014\/12\/Centro-Economico-1.jpg\"><img loading=\"lazy\" decoding=\"async\" class=\"alignnone size-medium wp-image-193\" src=\"http:\/\/armstrongyregion.com.ar\/diario\/wp-content\/uploads\/2014\/12\/Centro-Economico-1-300x225.jpg\" alt=\"Centro Economico 1\" width=\"300\" height=\"225\" srcset=\"https:\/\/armstrongyregion.com.ar\/diario\/wp-content\/uploads\/2014\/12\/Centro-Economico-1-300x225.jpg 300w, https:\/\/armstrongyregion.com.ar\/diario\/wp-content\/uploads\/2014\/12\/Centro-Economico-1.jpg 400w\" sizes=\"auto, (max-width: 300px) 100vw, 300px\" \/><\/a>Pirotecnia cero. La entidad gremial empresaria aleg\u00f3 que la normativa es ilegal e inconstitucional y que lo \u00fanico que propici\u00f3 fue la venta clandestina.<\/p>\n<p>El Centro Econ\u00f3mico pidi\u00f3 nuevamente la derogaci\u00f3n de la Ordenanza N\u00b07692\/12 de Pirotecnia Cero ya que solamente sigue siendo exigida a los comerciantes habilitados mientras que el uso de art\u00edculos continu\u00f3 efectu\u00e1ndose normalmente en d\u00edas festivos, en eventos privados de instituciones e incluso por el mismo municipio. La entidad gremial empresaria recalc\u00f3 una vez m\u00e1s que las compras se realizaron fuera de la ciudad y que los efectos negativos s\u00f3lo lo sufrieron los que ejercen el comercio y todos los que directa o indirectamente participan de la actividad.<br \/>\nEl coordinador de la entidad, Maximiliano Ferraro, manifest\u00f3 que \u201ca pesar de que hemos dado todos los argumentos que hacen referencia a las leyes nacionales que hoy est\u00e1n en vigencia, las cuales no proh\u00edben la venta de pirotecnia, en la ciudad seguimos teniendo una ordenanza ilegal e inconstitucional que la proh\u00edbe. Ya se est\u00e1n evidenciando las primeras consecuencias porque realmente desde que empez\u00f3 a aplicarse nadie la ha respetado: ni el propio municipio en el Festival Las Tres Lunas, ni en los eventos institucionales que se han hecho, ni en los festejos populares como la celebraci\u00f3n por el campeonato de River Plate y otros eventos particulares que siguen utilizando pirotecnia y los \u00fanicos damnificados que tenemos hoy en Ca\u00f1ada de G\u00f3mez son aquellos que ten\u00edan sus comercios habilitados para la comercializaci\u00f3n de estos productos\u201d.<br \/>\nIncluso desde el Centro Econ\u00f3mico se puntualiz\u00f3 que se est\u00e1 realizando publicidad en la ciudad para que los clientes vayan a comprar a Las Parejas y localidades vecinas y que se increment\u00f3 la venta clandestina donde se comercializan productos de pirotecnia que no se verifican su procedencia y seguridad.<br \/>\n\u201cCreemos que es un error grand\u00edsimo que cometieron los concejales en su totalidad con la sanci\u00f3n de esta ordenanza. Y creemos que tambi\u00e9n es un error grand\u00edsimo no haber podido subsanar el error este a\u00f1o con el proyecto que present\u00f3 el concejal Marcelo Cogno, a pesar de que nosotros asistimos con los comerciantes a dos reuniones. Nos han dado argumentos inv\u00e1lidos y creemos que los concejales no est\u00e1n a la altura de resolver este tema. Hemos hechos propuestas que plantean una situaci\u00f3n intermedia, o sea respetar las tradiciones populares y que el comerciante pueda ejercer su trabajo. Creemos que se pas\u00f3 de una falta de regulaci\u00f3n a una prohibici\u00f3n, y esto se puede subsanar con un compromiso de los concejales. Pero est\u00e1n apelando a que la gente lo resuelva por su cuenta y de esa manera dejan contentos a aquellos que esbozaron argumentos de protecci\u00f3n de animales\u201d agreg\u00f3 Maximiliano Ferraro.<br \/>\nY agreg\u00f3: \u201cpor otra parte no hay controles, ya desde el a\u00f1o pasado no nos pudieron contestar desde el municipio qu\u00e9 controles hab\u00edan ejercido y si hab\u00eda alguna sanci\u00f3n. Lo \u00fanico que s\u00ed nos consta es que fueron a controlar a los comercios que en su momento comercializaban pirotecnia. Tambi\u00e9n consideramos que es imposible para una fecha espec\u00edfica controlar en tantos lugares. En este sentido la ordenanza tambi\u00e9n es in\u00fatil para los fines que persegu\u00edan los concejales\u201d.<br \/>\nTambi\u00e9n desde la entidad gremial empresaria recordaron que hay localidades que han sancionado ordenanzas similares donde luego los comerciantes han presentado recursos de anticonstitucionalidad y han tenido resoluciones favorables (por ejemplo un fallo de la provincia de Neuqu\u00e9n). Inclusive de manera reciente en ciudades donde los cuerpos deliberativos apoyaron esta propuesta ambientalista, luego el Ejecutivo la rechaz\u00f3 por inconstitucional ya que existe una legislaci\u00f3n nacional cuyo \u00f3rgano de contralor es el RENAR que regula la comercializaci\u00f3n de pirotecnia. \u201cA nivel nacional y provincial no est\u00e1 prohibida la venta de pirotecnia, entonces es ilegal cualquier ordenanza que trate de normar sobre cuestiones que no tiene competencia\u201d dijo Ferraro.<br \/>\nAdem\u00e1s ya hay comerciantes que iniciaron el tr\u00e1mite legal para que la ordenanza sea declarada inconstitucional. Tambi\u00e9n hay otros comerciantes que se han ido a radicar a localidades vecinas porque pueden trabajar desde esas localidades y desde las mismas abastecer a nuestra ciudad. \u201cTuvimos otra fiesta donde hubo pirotecnia sin saber de d\u00f3nde provinieron los art\u00edculos y si pasa alg\u00fan accidente, los primeros responsables van a ser los concejales de Ca\u00f1ada de G\u00f3mez porque impulsaron a la gente a comprar mercader\u00eda de procedencia no registrada\u201d vaticin\u00f3 Maximiliano Ferraro.<br \/>\nEl Centro Econ\u00f3mico reiter\u00f3 que son falsos los considerandos que tiene la ordenanza como por ejemplo el impacto socioambiental negativo, que se registran sistem\u00e1ticamente accidentes y lesiones f\u00edsicas, que no existen elementos de protecci\u00f3n en el mercado y que el mercado de trabajo es reducido y temporal. Adem\u00e1s, que la C\u00e1mara Argentina de Empresas de Fuegos Artificiales rebati\u00f3 oportunamente con un informe t\u00e9cnico todos estos argumentos, puntualizando que el camino es a trav\u00e9s de la concientizaci\u00f3n y no de la prohibici\u00f3n que sin dudas provoca la proliferaci\u00f3n de productos clandestinos.<br \/>\nFuente. Peri\u00f3dico \u00a8El Informe\u00a8 de Ca\u00f1ada de G\u00f3mez.<\/p>\n","protected":false},"excerpt":{"rendered":"<p>Pirotecnia cero. La entidad gremial empresaria aleg\u00f3 que la normativa es ilegal e inconstitucional y que lo \u00fanico que propici\u00f3 fue la venta clandestina. El Centro Econ\u00f3mico pidi\u00f3 nuevamente la derogaci\u00f3n de la Ordenanza N\u00b07692\/12 de Pirotecnia Cero ya que solamente sigue siendo exigida a los comerciantes habilitados mientras que el uso de art\u00edculos continu\u00f3 <a href=\"https:\/\/armstrongyregion.com.ar\/diario\/canada-de-gomez-el-centro-economico-reclamo-nuevamente-la-derogacion-de-la-ordenanza\/\" title=\"Read more\" >&#8230;<\/a><\/p>\n","protected":false},"author":2,"featured_media":193,"comment_status":"open","ping_status":"open","sticky":false,"template":"","format":"standard","meta":{"_jetpack_memberships_contains_paid_content":false,"footnotes":"","jetpack_publicize_message":"","jetpack_publicize_feature_enabled":true,"jetpack_social_post_already_shared":false,"jetpack_social_options":{"image_generator_settings":{"template":"highway","default_image_id":0,"enabled":false},"version":2}},"categories":[1,3],"tags":[163,21,19,168,165,16,164,31,167,169,166],"class_list":["post-192","post","type-post","status-publish","format-standard","has-post-thumbnail","hentry","category-diario-armstrong","category-region","tag-canada","tag-centro","tag-de","tag-derogacion","tag-economico","tag-el","tag-gomez","tag-la","tag-nuevamente","tag-ordenanza","tag-reclamo"],"jetpack_publicize_connections":[],"jetpack_featured_media_url":"https:\/\/armstrongyregion.com.ar\/diario\/wp-content\/uploads\/2014\/12\/Centro-Economico-1.jpg","jetpack_shortlink":"https:\/\/wp.me\/p62QDO-36","jetpack_sharing_enabled":true,"amp_enabled":true,"_links":{"self":[{"href":"https:\/\/armstrongyregion.com.ar\/diario\/wp-json\/wp\/v2\/posts\/192","targetHints":{"allow":["GET"]}}],"collection":[{"href":"https:\/\/armstrongyregion.com.ar\/diario\/wp-json\/wp\/v2\/posts"}],"about":[{"href":"https:\/\/armstrongyregion.com.ar\/diario\/wp-json\/wp\/v2\/types\/post"}],"author":[{"embeddable":true,"href":"https:\/\/armstrongyregion.com.ar\/diario\/wp-json\/wp\/v2\/users\/2"}],"replies":[{"embeddable":true,"href":"https:\/\/armstrongyregion.com.ar\/diario\/wp-json\/wp\/v2\/comments?post=192"}],"version-history":[{"count":0,"href":"https:\/\/armstrongyregion.com.ar\/diario\/wp-json\/wp\/v2\/posts\/192\/revisions"}],"wp:featuredmedia":[{"embeddable":true,"href":"https:\/\/armstrongyregion.com.ar\/diario\/wp-json\/wp\/v2\/media\/193"}],"wp:attachment":[{"href":"https:\/\/armstrongyregion.com.ar\/diario\/wp-json\/wp\/v2\/media?parent=192"}],"wp:term":[{"taxonomy":"category","embeddable":true,"href":"https:\/\/armstrongyregion.com.ar\/diario\/wp-json\/wp\/v2\/categories?post=192"},{"taxonomy":"post_tag","embeddable":true,"href":"https:\/\/armstrongyregion.com.ar\/diario\/wp-json\/wp\/v2\/tags?post=192"}],"curies":[{"name":"wp","href":"https:\/\/api.w.org\/{rel}","templated":true}]}}