{"id":19178,"date":"2018-10-29T22:31:19","date_gmt":"2018-10-29T22:31:19","guid":{"rendered":"https:\/\/armstrongyregion.com.ar\/diario\/?p=19178"},"modified":"2018-10-29T22:31:19","modified_gmt":"2018-10-29T22:31:19","slug":"caida-del-mercado-interno-jaquea-a-fabricas-de-muebles","status":"publish","type":"post","link":"https:\/\/armstrongyregion.com.ar\/diario\/caida-del-mercado-interno-jaquea-a-fabricas-de-muebles\/","title":{"rendered":"Ca\u00edda del mercado interno jaquea a f\u00e1bricas de muebles."},"content":{"rendered":"<p><a href=\"http:\/\/armstrongyregion.com.ar\/diario\/wp-content\/uploads\/2018\/10\/MUEBLES.jpg\"><img loading=\"lazy\" decoding=\"async\" src=\"http:\/\/armstrongyregion.com.ar\/diario\/wp-content\/uploads\/2018\/10\/MUEBLES.jpg\" alt=\"MUEBLES\" width=\"768\" height=\"576\" class=\"alignnone size-full wp-image-19179\" srcset=\"https:\/\/armstrongyregion.com.ar\/diario\/wp-content\/uploads\/2018\/10\/MUEBLES.jpg 768w, https:\/\/armstrongyregion.com.ar\/diario\/wp-content\/uploads\/2018\/10\/MUEBLES-300x225.jpg 300w\" sizes=\"auto, (max-width: 768px) 100vw, 768px\" \/><\/a>Las ventas de las empresas de Ca\u00f1ada de G\u00f3mez, principal polo de la provincia, cayeron un 40% durante 2018. La mayor\u00eda de las pymes entraron en un proceso preventivo de crisis y temen por despidos. Hoy hasy unas 120 empresas que emplean a unas 3.000 personas.<br \/>\nLa crisis de la industria de la madera en Ca\u00f1ada de G\u00f3mez se acrecent\u00f3 en 2018 y ya se encuentra en una situaci\u00f3n l\u00edmite. Unas 120 empresas emplean a unos 3.000 trabajadores en esa ciudad ubicada a 75 kil\u00f3metros de Rosario y la mayor\u00eda entr\u00f3 en un proceso preventivo de crisis, seg\u00fan inform\u00f3 el secretario de Producci\u00f3n de la Municipalidad ca\u00f1adense, Marcelo Cogno, quien revel\u00f3 que las ventas bajaron un 40% durante 2018.<\/p>\n<p>\u201cEstamos cada vez peor. Si esto sigue as\u00ed de ac\u00e1 a fin de a\u00f1o habr\u00e1 despidos y cierre de f\u00e1bricas\u201d, dijo Cogno a El Ciudadano. Y remarc\u00f3 que lo \u00fanico que evit\u00f3 que haya despidos masivos es \u201cel compromiso social de las empresas y su di\u00e1logo con el sindicato y la municipalidad\u201d.<\/p>\n<p>De los 120 emprendimientos madereros que tiene Ca\u00f1ada de G\u00f3mez, dos son grandes empresas \u2013Jorge Richezze S.A. y Eldo Omar Mosconi S.R.L\u2013, de las m\u00e1s importantes del pa\u00eds. El resto son pymes a las que se les dificulta afrontar sus obligaciones con la cadena de pagos cortada y la imposibilidad de acceder a un cr\u00e9dito por la condena a la quiebra que representan las altas tasas de inter\u00e9s.<\/p>\n<p>En el comienzo de la gesti\u00f3n de Cambiemos, fue la llegada de muebles importados lo que afect\u00f3 a la industria ca\u00f1adense. Ahora, esa problem\u00e1tica qued\u00f3 soslayada por la brutal ca\u00edda del mercado interno. \u201cCasi el 100% de lo que se fabrica ac\u00e1 es para mercado interno. Desde marzo no se vende casi nada. En 2018 las ventas cayeron un 40%\u201d, enumer\u00f3 Cogno, quien advirti\u00f3 que los importados ya dejaron de ser el gran problema, ya que \u201cnadie est\u00e1 comprando nada\u201d. En 2016 las ventas ya hab\u00edan ca\u00eddo un 30% respecto de 2015 y en 2017 otro 35%.<\/p>\n<p>Despu\u00e9s del neoliberalismo de los 90 y la crisis de 2001, quedaron s\u00f3lo 30 emprendimientos madereros en Ca\u00f1ada de G\u00f3mez, de los 2.500 que hab\u00eda. La recuperaci\u00f3n econ\u00f3mica que se dio a partir de 2002 permiti\u00f3 a la capital del departamento Iriondo recuperar parte del entramado productivo, con una fuerte inversi\u00f3n del sector empresario.<\/p>\n<p>El bienestar tuvo su derrame en toda la ciudad. Algo que, seg\u00fan Cogno, empez\u00f3 a terminar. \u201cSe ve mucho menos movimiento y a la gente no le alcanza para pagar impuestos municipales, por lo que la Municipalidad recauda menos\u201d, se\u00f1al\u00f3 el funcionario de la gesti\u00f3n de la intendenta justicialista Stella Maris Clerici.<\/p>\n<p>Mundo cerrado<br \/>\nLas industrias ca\u00f1adenses fabrican muebles en serie que se destinan al mercado interno pr\u00e1cticamente en su totalidad. Las \u00faltimas declaraciones del presidente Mauricio Macri proponiendo a las empresas argentinas \u201cexportar m\u00e1s\u201d no son acompa\u00f1adas de medidas que fomenten esta pr\u00e1ctica y los competidores internacionales manejan niveles de producci\u00f3n dif\u00edciles de igualar.<\/p>\n<p>Una f\u00e1brica de 200 trabajadores en la Argentina es considerada grande; la misma empresa en Brasil es un emprendimiento chico. Lo que se produce aqu\u00ed en una semana, en Brasil se hace en un d\u00eda. Adem\u00e1s, existe un monopolio fabril, por lo que se abaratan los costos.<\/p>\n<p>Ni siquiera la ca\u00edda del salario, la reducci\u00f3n de cargas patronales y un tipo de cambio aparentemente competitivo ayudaron. \u201cEl mundo est\u00e1 cuidando su mercado interno. Esto se logra subiendo el poder adquisitivo de los trabajadores, no baj\u00e1ndolo. Porque si quisi\u00e9ramos exportar, no podemos competir con Brasil o China\u201d, compar\u00f3 Cogno.<\/p>\n<p>Cr\u00e9ditos con gusto a poco<br \/>\nPese a las medidas econ\u00f3micas, el gobierno al menos hizo acto de presencia en Ca\u00f1ada de G\u00f3mez en septiembre pasado y anunci\u00f3 una l\u00ednea de cr\u00e9ditos que, seg\u00fan los empresarios, todav\u00eda no lograron reactivar la actividad.<\/p>\n<p>Fue el ministro de Producci\u00f3n y Trabajo de la Naci\u00f3n, Dante Sica, quien lanz\u00f3 la primera mesa de madera y muebles junto a c\u00e1maras empresarias y sindicatos de todo el pa\u00eds.<\/p>\n<p>\u201cEl sector de madera y muebles representa una gran oportunidad para el desarrollo de la industria argentina, con creaci\u00f3n de valor, empleos de calidad y un enorme potencial tanto para el mercado interno como externo\u201d, dijo en ese momento el funcionario macrista.<\/p>\n<p>En ese contexto, el Banco Naci\u00f3n anunci\u00f3 una l\u00ednea de cr\u00e9ditos para la compra de muebles nacionales en 25 cuotas fijas con tasa de inter\u00e9s bonificada, con el objetivo de que el alica\u00eddo consumo se reactive un poco.<\/p>\n<p>Adem\u00e1s de Sica, participaron del lanzamiento la ministra de Producci\u00f3n de Santa Fe, Alicia Ciciliani, el secretario de Industria de C\u00f3rdoba, Pablo de Chiara, y el ministro de Producci\u00f3n de Buenos Aires, Javier Tizado, y el presidente de la Federaci\u00f3n Argentina de la Industria de Madera y Muebles (Faima), Pedro Reyna.<br \/>\nEl Ciudadano Web.<\/p>\n","protected":false},"excerpt":{"rendered":"<p>Las ventas de las empresas de Ca\u00f1ada de G\u00f3mez, principal polo de la provincia, cayeron un 40% durante 2018. La mayor\u00eda de las pymes entraron en un proceso preventivo de crisis y temen por despidos. Hoy hasy unas 120 empresas que emplean a unas 3.000 personas. La crisis de la industria de la madera en <a href=\"https:\/\/armstrongyregion.com.ar\/diario\/caida-del-mercado-interno-jaquea-a-fabricas-de-muebles\/\" title=\"Read more\" >&#8230;<\/a><\/p>\n","protected":false},"author":1,"featured_media":19179,"comment_status":"open","ping_status":"open","sticky":false,"template":"","format":"standard","meta":{"_jetpack_memberships_contains_paid_content":false,"footnotes":"","jetpack_publicize_message":"","jetpack_publicize_feature_enabled":true,"jetpack_social_post_already_shared":false,"jetpack_social_options":{"image_generator_settings":{"template":"highway","default_image_id":0,"enabled":false},"version":2}},"categories":[8,1,7,3],"tags":[],"class_list":["post-19178","post","type-post","status-publish","format-standard","has-post-thumbnail","hentry","category-deliberando","category-diario-armstrong","category-politica","category-region"],"jetpack_publicize_connections":[],"jetpack_featured_media_url":"https:\/\/armstrongyregion.com.ar\/diario\/wp-content\/uploads\/2018\/10\/MUEBLES.jpg","jetpack_shortlink":"https:\/\/wp.me\/p62QDO-4Zk","jetpack_sharing_enabled":true,"amp_enabled":true,"_links":{"self":[{"href":"https:\/\/armstrongyregion.com.ar\/diario\/wp-json\/wp\/v2\/posts\/19178","targetHints":{"allow":["GET"]}}],"collection":[{"href":"https:\/\/armstrongyregion.com.ar\/diario\/wp-json\/wp\/v2\/posts"}],"about":[{"href":"https:\/\/armstrongyregion.com.ar\/diario\/wp-json\/wp\/v2\/types\/post"}],"author":[{"embeddable":true,"href":"https:\/\/armstrongyregion.com.ar\/diario\/wp-json\/wp\/v2\/users\/1"}],"replies":[{"embeddable":true,"href":"https:\/\/armstrongyregion.com.ar\/diario\/wp-json\/wp\/v2\/comments?post=19178"}],"version-history":[{"count":0,"href":"https:\/\/armstrongyregion.com.ar\/diario\/wp-json\/wp\/v2\/posts\/19178\/revisions"}],"wp:featuredmedia":[{"embeddable":true,"href":"https:\/\/armstrongyregion.com.ar\/diario\/wp-json\/wp\/v2\/media\/19179"}],"wp:attachment":[{"href":"https:\/\/armstrongyregion.com.ar\/diario\/wp-json\/wp\/v2\/media?parent=19178"}],"wp:term":[{"taxonomy":"category","embeddable":true,"href":"https:\/\/armstrongyregion.com.ar\/diario\/wp-json\/wp\/v2\/categories?post=19178"},{"taxonomy":"post_tag","embeddable":true,"href":"https:\/\/armstrongyregion.com.ar\/diario\/wp-json\/wp\/v2\/tags?post=19178"}],"curies":[{"name":"wp","href":"https:\/\/api.w.org\/{rel}","templated":true}]}}