{"id":19149,"date":"2018-10-26T16:43:47","date_gmt":"2018-10-26T16:43:47","guid":{"rendered":"https:\/\/armstrongyregion.com.ar\/diario\/?p=19149"},"modified":"2018-11-07T23:00:45","modified_gmt":"2018-11-07T23:00:45","slug":"feria-de-microemprendimientos-2018-emprender-para-aprender","status":"publish","type":"post","link":"https:\/\/armstrongyregion.com.ar\/diario\/feria-de-microemprendimientos-2018-emprender-para-aprender\/","title":{"rendered":"Feria de Microemprendimientos 2018 \u201cEmprender para Aprender\u201d."},"content":{"rendered":"<p><a href=\"http:\/\/armstrongyregion.com.ar\/diario\/wp-content\/uploads\/2018\/10\/pastelitos-micro-.jpg\"><img loading=\"lazy\" decoding=\"async\" class=\"alignnone size-full wp-image-19150\" src=\"http:\/\/armstrongyregion.com.ar\/diario\/wp-content\/uploads\/2018\/10\/pastelitos-micro-.jpg\" alt=\"pastelitos-micro-\" width=\"960\" height=\"720\" srcset=\"https:\/\/armstrongyregion.com.ar\/diario\/wp-content\/uploads\/2018\/10\/pastelitos-micro-.jpg 960w, https:\/\/armstrongyregion.com.ar\/diario\/wp-content\/uploads\/2018\/10\/pastelitos-micro--300x225.jpg 300w\" sizes=\"auto, (max-width: 960px) 100vw, 960px\" \/><\/a>La Esc. De Comercio N\u00b051 \u201cDr. Manuel Belgrano\u201d present\u00f3 una vez m\u00e1s a toda la comunidad de Armstrong la Feria de Microemprendimientos Estudiantiles \u201cEmprender para Aprender\u201d en los galpones MAS desde las 9am donde se realiz\u00f3 el acto inaugural con la presencia de autoridades y referentes de dicha comunidad educativa, el intendente local Dr. Pablo Verdecchia y la Secret de Cultura Educacion y Deportes Rosana Siri. Por la tarde la Feria reabri\u00f3 sus puertas desde las 17hs hasta las 21hs.<br \/>\n<a href=\"http:\/\/armstrongyregion.com.ar\/diario\/wp-content\/uploads\/2018\/10\/micro-pancho-.jpg\"><img loading=\"lazy\" decoding=\"async\" class=\"alignnone size-full wp-image-19151\" src=\"http:\/\/armstrongyregion.com.ar\/diario\/wp-content\/uploads\/2018\/10\/micro-pancho-.jpg\" alt=\"micro-pancho-\" width=\"960\" height=\"720\" srcset=\"https:\/\/armstrongyregion.com.ar\/diario\/wp-content\/uploads\/2018\/10\/micro-pancho-.jpg 960w, https:\/\/armstrongyregion.com.ar\/diario\/wp-content\/uploads\/2018\/10\/micro-pancho--300x225.jpg 300w\" sizes=\"auto, (max-width: 960px) 100vw, 960px\" \/><\/a>Los directivos de la instituci\u00f3n Silvia Bordabosana y Prof. Omar Maiani, en dialogo con nuestro medio, nos comentaban que este a\u00f1o est\u00e1n m\u00e1s que satisfechos ya que hay 57 microemprendedores n\u00famero que ha superado las expectativas tanto para el cuerpo docente como de los mismos j\u00f3venes con gran diversidad de empresas.<br \/>\nEsta nueva jornada se trata de un proyecto educativo institucional que tiene como prop\u00f3sito principal, que todos los alumnos de la Comunidad Educativa de la Esc. N\u00b0 51 Manuel Belgrano, vivan la experiencia de crear, proyectar y ejecutar una idea de negocio, en forma grupal.<br \/>\nLos alumnos estuvieron desde muy temprano, ultimando detalles para presentar a la comunidad y vender sus producciones.<br \/>\n<a href=\"http:\/\/armstrongyregion.com.ar\/diario\/wp-content\/uploads\/2018\/10\/Micro-Galletas-.jpg\"><img loading=\"lazy\" decoding=\"async\" class=\"alignnone size-full wp-image-19152\" src=\"http:\/\/armstrongyregion.com.ar\/diario\/wp-content\/uploads\/2018\/10\/Micro-Galletas-.jpg\" alt=\"Micro-Galletas-\" width=\"768\" height=\"576\" srcset=\"https:\/\/armstrongyregion.com.ar\/diario\/wp-content\/uploads\/2018\/10\/Micro-Galletas-.jpg 768w, https:\/\/armstrongyregion.com.ar\/diario\/wp-content\/uploads\/2018\/10\/Micro-Galletas--300x225.jpg 300w\" sizes=\"auto, (max-width: 768px) 100vw, 768px\" \/><\/a>Los productos var\u00edaban desde plantas, macetas con cactus, llaveros, accesorios, artesan\u00edas en madera, cuadros, adornos infantiles, etc.<br \/>\nEn cuanto a las comidas hab\u00eda una gran variedad de dulce y salado para degustar en el momento o llevar a casa.<\/p>\n","protected":false},"excerpt":{"rendered":"<p>La Esc. De Comercio N\u00b051 \u201cDr. Manuel Belgrano\u201d present\u00f3 una vez m\u00e1s a toda la comunidad de Armstrong la Feria de Microemprendimientos Estudiantiles \u201cEmprender para Aprender\u201d en los galpones MAS desde las 9am donde se realiz\u00f3 el acto inaugural con la presencia de autoridades y referentes de dicha comunidad educativa, el intendente local Dr. Pablo <a href=\"https:\/\/armstrongyregion.com.ar\/diario\/feria-de-microemprendimientos-2018-emprender-para-aprender\/\" title=\"Read more\" >&#8230;<\/a><\/p>\n","protected":false},"author":1,"featured_media":19150,"comment_status":"open","ping_status":"open","sticky":false,"template":"","format":"standard","meta":{"_jetpack_memberships_contains_paid_content":false,"footnotes":"","jetpack_publicize_message":"","jetpack_publicize_feature_enabled":true,"jetpack_social_post_already_shared":false,"jetpack_social_options":{"image_generator_settings":{"template":"highway","default_image_id":0,"enabled":false},"version":2}},"categories":[6,8,1,2],"tags":[7257],"class_list":["post-19149","post","type-post","status-publish","format-standard","has-post-thumbnail","hentry","category-cultura-entretenimiento","category-deliberando","category-diario-armstrong","category-locales","tag-feria-de-microemprendimientos-2018-emprender-para-aprender"],"jetpack_publicize_connections":[],"jetpack_featured_media_url":"https:\/\/armstrongyregion.com.ar\/diario\/wp-content\/uploads\/2018\/10\/pastelitos-micro-.jpg","jetpack_shortlink":"https:\/\/wp.me\/p62QDO-4YR","jetpack_sharing_enabled":true,"amp_enabled":true,"_links":{"self":[{"href":"https:\/\/armstrongyregion.com.ar\/diario\/wp-json\/wp\/v2\/posts\/19149","targetHints":{"allow":["GET"]}}],"collection":[{"href":"https:\/\/armstrongyregion.com.ar\/diario\/wp-json\/wp\/v2\/posts"}],"about":[{"href":"https:\/\/armstrongyregion.com.ar\/diario\/wp-json\/wp\/v2\/types\/post"}],"author":[{"embeddable":true,"href":"https:\/\/armstrongyregion.com.ar\/diario\/wp-json\/wp\/v2\/users\/1"}],"replies":[{"embeddable":true,"href":"https:\/\/armstrongyregion.com.ar\/diario\/wp-json\/wp\/v2\/comments?post=19149"}],"version-history":[{"count":0,"href":"https:\/\/armstrongyregion.com.ar\/diario\/wp-json\/wp\/v2\/posts\/19149\/revisions"}],"wp:featuredmedia":[{"embeddable":true,"href":"https:\/\/armstrongyregion.com.ar\/diario\/wp-json\/wp\/v2\/media\/19150"}],"wp:attachment":[{"href":"https:\/\/armstrongyregion.com.ar\/diario\/wp-json\/wp\/v2\/media?parent=19149"}],"wp:term":[{"taxonomy":"category","embeddable":true,"href":"https:\/\/armstrongyregion.com.ar\/diario\/wp-json\/wp\/v2\/categories?post=19149"},{"taxonomy":"post_tag","embeddable":true,"href":"https:\/\/armstrongyregion.com.ar\/diario\/wp-json\/wp\/v2\/tags?post=19149"}],"curies":[{"name":"wp","href":"https:\/\/api.w.org\/{rel}","templated":true}]}}