{"id":19143,"date":"2018-10-26T15:45:51","date_gmt":"2018-10-26T15:45:51","guid":{"rendered":"https:\/\/armstrongyregion.com.ar\/diario\/?p=19143"},"modified":"2018-10-26T15:45:51","modified_gmt":"2018-10-26T15:45:51","slug":"se-concreto-la-charla-nacion-emprende","status":"publish","type":"post","link":"https:\/\/armstrongyregion.com.ar\/diario\/se-concreto-la-charla-nacion-emprende\/","title":{"rendered":"Se concret\u00f3 la charla \u00abNaci\u00f3n Emprende\u00bb."},"content":{"rendered":"<p><a href=\"http:\/\/armstrongyregion.com.ar\/diario\/wp-content\/uploads\/2018\/10\/charla-nacion-emprende.jpeg\"><img loading=\"lazy\" decoding=\"async\" src=\"http:\/\/armstrongyregion.com.ar\/diario\/wp-content\/uploads\/2018\/10\/charla-nacion-emprende.jpeg\" alt=\"charla-nacion-emprende\" width=\"768\" height=\"512\" class=\"alignnone size-full wp-image-19144\" srcset=\"https:\/\/armstrongyregion.com.ar\/diario\/wp-content\/uploads\/2018\/10\/charla-nacion-emprende.jpeg 768w, https:\/\/armstrongyregion.com.ar\/diario\/wp-content\/uploads\/2018\/10\/charla-nacion-emprende-300x200.jpeg 300w\" sizes=\"auto, (max-width: 768px) 100vw, 768px\" \/><\/a>En el d\u00eda de ayer  se realiz\u00f3 la charla sobre el programa \u201cNACION EMPRENDE\u201d en las instalaciones del Centro Comercial, Industrial y Rural de Armstrong.<\/p>\n<p>El objetivo de la convocatoria fue exponer las acciones y herramientas del Banco Naci\u00f3n para el financiamiento de las inversiones productivas de todos los sectores de la econom\u00eda; como as\u00ed tambi\u00e9n la coordinaci\u00f3n con distintos organismos p\u00fablicos para ofrecer capacitaciones, bonificaciones de tasas, mecanismos de garant\u00eda, etc.<\/p>\n<p>La Municipalidad de Armstrong realiz\u00f3 la firma del convenio marco con dicha instituci\u00f3n financiara en el mes de enero, para sumar una nueva herramienta que fomente la inversi\u00f3n productiva en el sector privado de la ciudad. <\/p>\n","protected":false},"excerpt":{"rendered":"<p>En el d\u00eda de ayer se realiz\u00f3 la charla sobre el programa \u201cNACION EMPRENDE\u201d en las instalaciones del Centro Comercial, Industrial y Rural de Armstrong. El objetivo de la convocatoria fue exponer las acciones y herramientas del Banco Naci\u00f3n para el financiamiento de las inversiones productivas de todos los sectores de la econom\u00eda; como as\u00ed <a href=\"https:\/\/armstrongyregion.com.ar\/diario\/se-concreto-la-charla-nacion-emprende\/\" title=\"Read more\" >&#8230;<\/a><\/p>\n","protected":false},"author":1,"featured_media":19144,"comment_status":"open","ping_status":"open","sticky":false,"template":"","format":"standard","meta":{"_jetpack_memberships_contains_paid_content":false,"footnotes":"","jetpack_publicize_message":"","jetpack_publicize_feature_enabled":true,"jetpack_social_post_already_shared":false,"jetpack_social_options":{"image_generator_settings":{"template":"highway","default_image_id":0,"enabled":false},"version":2}},"categories":[8,1,2,7],"tags":[7255],"class_list":["post-19143","post","type-post","status-publish","format-standard","has-post-thumbnail","hentry","category-deliberando","category-diario-armstrong","category-locales","category-politica","tag-se-concreto-la-charla-nacion-emprende"],"jetpack_publicize_connections":[],"jetpack_featured_media_url":"https:\/\/armstrongyregion.com.ar\/diario\/wp-content\/uploads\/2018\/10\/charla-nacion-emprende.jpeg","jetpack_shortlink":"https:\/\/wp.me\/p62QDO-4YL","jetpack_sharing_enabled":true,"amp_enabled":true,"_links":{"self":[{"href":"https:\/\/armstrongyregion.com.ar\/diario\/wp-json\/wp\/v2\/posts\/19143","targetHints":{"allow":["GET"]}}],"collection":[{"href":"https:\/\/armstrongyregion.com.ar\/diario\/wp-json\/wp\/v2\/posts"}],"about":[{"href":"https:\/\/armstrongyregion.com.ar\/diario\/wp-json\/wp\/v2\/types\/post"}],"author":[{"embeddable":true,"href":"https:\/\/armstrongyregion.com.ar\/diario\/wp-json\/wp\/v2\/users\/1"}],"replies":[{"embeddable":true,"href":"https:\/\/armstrongyregion.com.ar\/diario\/wp-json\/wp\/v2\/comments?post=19143"}],"version-history":[{"count":0,"href":"https:\/\/armstrongyregion.com.ar\/diario\/wp-json\/wp\/v2\/posts\/19143\/revisions"}],"wp:featuredmedia":[{"embeddable":true,"href":"https:\/\/armstrongyregion.com.ar\/diario\/wp-json\/wp\/v2\/media\/19144"}],"wp:attachment":[{"href":"https:\/\/armstrongyregion.com.ar\/diario\/wp-json\/wp\/v2\/media?parent=19143"}],"wp:term":[{"taxonomy":"category","embeddable":true,"href":"https:\/\/armstrongyregion.com.ar\/diario\/wp-json\/wp\/v2\/categories?post=19143"},{"taxonomy":"post_tag","embeddable":true,"href":"https:\/\/armstrongyregion.com.ar\/diario\/wp-json\/wp\/v2\/tags?post=19143"}],"curies":[{"name":"wp","href":"https:\/\/api.w.org\/{rel}","templated":true}]}}