{"id":19112,"date":"2018-10-23T15:55:38","date_gmt":"2018-10-23T15:55:38","guid":{"rendered":"https:\/\/armstrongyregion.com.ar\/diario\/?p=19112"},"modified":"2018-10-23T15:55:38","modified_gmt":"2018-10-23T15:55:38","slug":"actuacion-del-coro-de-adultos-en-santa-fe","status":"publish","type":"post","link":"https:\/\/armstrongyregion.com.ar\/diario\/actuacion-del-coro-de-adultos-en-santa-fe\/","title":{"rendered":"Actuaci\u00f3n del coro de adultos en Santa Fe."},"content":{"rendered":"<p><a href=\"http:\/\/armstrongyregion.com.ar\/diario\/wp-content\/uploads\/2018\/10\/coro-en-santa-fe.jpg\"><img loading=\"lazy\" decoding=\"async\" src=\"http:\/\/armstrongyregion.com.ar\/diario\/wp-content\/uploads\/2018\/10\/coro-en-santa-fe.jpg\" alt=\"coro-en santa-fe\" width=\"768\" height=\"661\" class=\"alignnone size-full wp-image-19113\" srcset=\"https:\/\/armstrongyregion.com.ar\/diario\/wp-content\/uploads\/2018\/10\/coro-en-santa-fe.jpg 768w, https:\/\/armstrongyregion.com.ar\/diario\/wp-content\/uploads\/2018\/10\/coro-en-santa-fe-300x258.jpg 300w\" sizes=\"auto, (max-width: 768px) 100vw, 768px\" \/><\/a>El coro de adultos del Conservatorio Municipal de M\u00fasica \u201cEnzo Vacchino\u201d, dirigido por el Maestro Gabriel Alustiza, se presentar\u00e1 el pr\u00f3ximo s\u00e1bado 27 de octubre a las 21 hs. en la ciudad de Santa Fe.<br \/>\nEsta actuaci\u00f3n ser\u00e1 junto al Coro Polif\u00f3nico Provincial y la Orquesta Sinf\u00f3nica Provincial de Santa Fe, en el gimnasio de la Escuela Normal Nro. 32 \u201cGral. Jos\u00e9 de San Mart\u00edn\u201d, con entrada libre y gratuita, haciendo un concierto de H\u00e4ndel y dirigidos por el Maestro Sergio Siminovich.<br \/>\n\u201cEs la primera vez que nuestro coro participa en un evento as\u00ed. El desaf\u00edo es m\u00e1s que importante y halagador para nosotros, tenemos muchas expectativas\u201d, manifest\u00f3 Alustiza.<\/p>\n","protected":false},"excerpt":{"rendered":"<p>El coro de adultos del Conservatorio Municipal de M\u00fasica \u201cEnzo Vacchino\u201d, dirigido por el Maestro Gabriel Alustiza, se presentar\u00e1 el pr\u00f3ximo s\u00e1bado 27 de octubre a las 21 hs. en la ciudad de Santa Fe. Esta actuaci\u00f3n ser\u00e1 junto al Coro Polif\u00f3nico Provincial y la Orquesta Sinf\u00f3nica Provincial de Santa Fe, en el gimnasio de <a href=\"https:\/\/armstrongyregion.com.ar\/diario\/actuacion-del-coro-de-adultos-en-santa-fe\/\" title=\"Read more\" >&#8230;<\/a><\/p>\n","protected":false},"author":1,"featured_media":19113,"comment_status":"open","ping_status":"open","sticky":false,"template":"","format":"standard","meta":{"_jetpack_memberships_contains_paid_content":false,"footnotes":"","jetpack_publicize_message":"","jetpack_publicize_feature_enabled":true,"jetpack_social_post_already_shared":false,"jetpack_social_options":{"image_generator_settings":{"template":"highway","default_image_id":0,"enabled":false},"version":2}},"categories":[6,8,1,2],"tags":[],"class_list":["post-19112","post","type-post","status-publish","format-standard","has-post-thumbnail","hentry","category-cultura-entretenimiento","category-deliberando","category-diario-armstrong","category-locales"],"jetpack_publicize_connections":[],"jetpack_featured_media_url":"https:\/\/armstrongyregion.com.ar\/diario\/wp-content\/uploads\/2018\/10\/coro-en-santa-fe.jpg","jetpack_shortlink":"https:\/\/wp.me\/p62QDO-4Yg","jetpack_sharing_enabled":true,"amp_enabled":true,"_links":{"self":[{"href":"https:\/\/armstrongyregion.com.ar\/diario\/wp-json\/wp\/v2\/posts\/19112","targetHints":{"allow":["GET"]}}],"collection":[{"href":"https:\/\/armstrongyregion.com.ar\/diario\/wp-json\/wp\/v2\/posts"}],"about":[{"href":"https:\/\/armstrongyregion.com.ar\/diario\/wp-json\/wp\/v2\/types\/post"}],"author":[{"embeddable":true,"href":"https:\/\/armstrongyregion.com.ar\/diario\/wp-json\/wp\/v2\/users\/1"}],"replies":[{"embeddable":true,"href":"https:\/\/armstrongyregion.com.ar\/diario\/wp-json\/wp\/v2\/comments?post=19112"}],"version-history":[{"count":0,"href":"https:\/\/armstrongyregion.com.ar\/diario\/wp-json\/wp\/v2\/posts\/19112\/revisions"}],"wp:featuredmedia":[{"embeddable":true,"href":"https:\/\/armstrongyregion.com.ar\/diario\/wp-json\/wp\/v2\/media\/19113"}],"wp:attachment":[{"href":"https:\/\/armstrongyregion.com.ar\/diario\/wp-json\/wp\/v2\/media?parent=19112"}],"wp:term":[{"taxonomy":"category","embeddable":true,"href":"https:\/\/armstrongyregion.com.ar\/diario\/wp-json\/wp\/v2\/categories?post=19112"},{"taxonomy":"post_tag","embeddable":true,"href":"https:\/\/armstrongyregion.com.ar\/diario\/wp-json\/wp\/v2\/tags?post=19112"}],"curies":[{"name":"wp","href":"https:\/\/api.w.org\/{rel}","templated":true}]}}