{"id":19106,"date":"2018-10-23T13:24:40","date_gmt":"2018-10-23T13:24:40","guid":{"rendered":"https:\/\/armstrongyregion.com.ar\/diario\/?p=19106"},"modified":"2018-10-23T13:24:40","modified_gmt":"2018-10-23T13:24:40","slug":"bonfatti-y-lo-que-dejo-la-foto-con-massa","status":"publish","type":"post","link":"https:\/\/armstrongyregion.com.ar\/diario\/bonfatti-y-lo-que-dejo-la-foto-con-massa\/","title":{"rendered":"Bonfatti y lo que dej\u00f3 la foto con Massa."},"content":{"rendered":"<p><a href=\"http:\/\/armstrongyregion.com.ar\/diario\/wp-content\/uploads\/2018\/10\/massabonfatti.jpg_1305449671.jpg\"><img loading=\"lazy\" decoding=\"async\" src=\"http:\/\/armstrongyregion.com.ar\/diario\/wp-content\/uploads\/2018\/10\/massabonfatti.jpg_1305449671.jpg\" alt=\"massabonfatti.jpg_1305449671\" width=\"847\" height=\"476\" class=\"alignnone size-full wp-image-19107\" srcset=\"https:\/\/armstrongyregion.com.ar\/diario\/wp-content\/uploads\/2018\/10\/massabonfatti.jpg_1305449671.jpg 847w, https:\/\/armstrongyregion.com.ar\/diario\/wp-content\/uploads\/2018\/10\/massabonfatti.jpg_1305449671-300x169.jpg 300w\" sizes=\"auto, (max-width: 847px) 100vw, 847px\" \/><\/a>Tras encontrarse con el jefe del Frente Renovador, Bonfatti no descart\u00f3 a Lifschitz en la carrera presidencial pero remarc\u00f3 que es primordial lograr antes un consenso en temas centrales. Pidi\u00f3 dejar atr\u00e1s la mirada binaria \u201camigo enemigo\u201d de la pol\u00edtica. Elisa Carri\u00f3 \u201ces una destructora\u201d, se\u00f1al\u00f3.<br \/>\nEl diputado Antonio Bonfatti se refiri\u00f3 al encuentro que ayer mantuvo el socialismo provincial con Sergio Massa, del Frente Renovador, en el marco de una serie de reuniones prevista entre el Partido Socialista (PS) con distintos dirigentes pol\u00edticos. En principio, neg\u00f3 que se haya avanzado en un frente electoral, no descart\u00f3 a Miguel Lifschitz en la carrera a la presidencia de la Naci\u00f3n pero advirti\u00f3 que es prioritario lograr un acuerdo en temas centrales que son problem\u00e1ticas a nivel nacional. Pidi\u00f3 dejar atr\u00e1s la forma \u201cbinaria\u201d de haber pol\u00edtica y descart\u00f3 de plano un acercamiento con Elisa Carri\u00f3, a quien calific\u00f3 de \u201cdestructora\u201d.<\/p>\n<p>Mucho dej\u00f3 la foto que este lunes se sac\u00f3 el presidente del Socialismo, Antonio Bonfatti con el jefe del Frente Renovador, Sergio Massa en el Centro de Estudios Municipales y Provinciales (Cemupro) en Buenos Aires, al lado del gobernador Miguel Lifschitz, la intendenta M\u00f3nica Fein, Ricardo Alfons\u00edn y Margarita Stolbizer. \u201cHay una preocupaci\u00f3n enorme por el presente y el futuro, este modelo se va a ir agravando, hay una gran angustia. Esto es lo que nos convoca a quienes integramos pol\u00edtcos afines. Dijimos que tenemos que asumir una responsabilidad de comenzar una ronda de di\u00e1logos que no implique un frente electoral\u201d, indic\u00f3 y revel\u00f3 que en los pr\u00f3ximos d\u00edas mantendr\u00e1n acercamientos con organizaciones sociales, Iglesia, asociaciones empresarias y sindicatos, entre otros actores. Luego, remarc\u00f3 que \u201cnadie habla de frentes electorales, pretendemos coincidir en algunos puntos\u201d.<\/p>\n<p>Tras asegurar que no se arrepiente se haber promovido el voto en blanco en el ballotage presidencial de 2015 porque \u201cambos proyectos fracasaron\u201d \u2013se\u00f1al\u00f3 sobre el kirchnerismo y el macrismo\u2013 aclar\u00f3 que la iniciativa que ayer dio su primer paso no implica una foto contra ambos movimientos pol\u00edticos. En ese sentido, pidi\u00f3 \u201cempezar a ensayar otra manera de hacer pol\u00edtica que no sea la forma binaria amigo-enemigo sino lograr un acuerdo para el celeste y blanco\u201d consider\u00f3 que son bienvenidos \u201ctodos los sectores que confluyamos en este proyecto\u201d.<\/p>\n<p>En cambio, dej\u00f3 afuera a la l\u00edder de la Coalici\u00f3n C\u00edvica, Elisa Carri\u00f3. \u201cEs una persona que tiene tanta variaci\u00f3n de propuestas, lo que construye lo destruye y no precisamos destructores. Hay que tener la mente abierta\u201d, observ\u00f3 en di\u00e1logo con los periodistas Roberto Caferra y Evelin Machain (Radi\u00f3polis, Radio 2).<\/p>\n<p>Consultado sobre si ve\u00eda al gobernador Miguel Lifschitz como posible candidato presidencial en 2019, manifest\u00f3: \u201cPrimero empecemos con los acuerdos y despu\u00e9s vemos quien los encarna, primeros pong\u00e1monos de acuerdo despu\u00e9s vemos\u201d, indic\u00f3. Sin embargo, no descart\u00f3 la posibilidad al establecer: \u201cMiguel ha demostrado una enorme capacidad de gesti\u00f3n y trabajo\u201d, dijo.<\/p>\n<p>Tambi\u00e9n se refiri\u00f3 a su propia posible candidatura a gobernador de Santa Fe: \u201cNo tengo apetencia personales, es una decisi\u00f3n que debemos tomar en forma colectiva. Milito en pol\u00edtica no tengo apetencia a tal o cual cargo\u201d, explic\u00f3. En cuanto a las candidaturas para Rosario, ironiz\u00f3 al se\u00f1alar que de tener alguna predilecci\u00f3n \u201cno la dir\u00eda\u201d. \u201cTodes\u201d, brome\u00f3 cuando se le pidi\u00f3 que de alg\u00fan nombre para el Palacio de los Leones.<br \/>\nRosario3.com<\/p>\n","protected":false},"excerpt":{"rendered":"<p>Tras encontrarse con el jefe del Frente Renovador, Bonfatti no descart\u00f3 a Lifschitz en la carrera presidencial pero remarc\u00f3 que es primordial lograr antes un consenso en temas centrales. Pidi\u00f3 dejar atr\u00e1s la mirada binaria \u201camigo enemigo\u201d de la pol\u00edtica. Elisa Carri\u00f3 \u201ces una destructora\u201d, se\u00f1al\u00f3. El diputado Antonio Bonfatti se refiri\u00f3 al encuentro que <a href=\"https:\/\/armstrongyregion.com.ar\/diario\/bonfatti-y-lo-que-dejo-la-foto-con-massa\/\" title=\"Read more\" >&#8230;<\/a><\/p>\n","protected":false},"author":1,"featured_media":19107,"comment_status":"open","ping_status":"open","sticky":false,"template":"","format":"standard","meta":{"_jetpack_memberships_contains_paid_content":false,"footnotes":"","jetpack_publicize_message":"","jetpack_publicize_feature_enabled":true,"jetpack_social_post_already_shared":false,"jetpack_social_options":{"image_generator_settings":{"template":"highway","default_image_id":0,"enabled":false},"version":2}},"categories":[1,2819,7,3],"tags":[7246],"class_list":["post-19106","post","type-post","status-publish","format-standard","has-post-thumbnail","hentry","category-diario-armstrong","category-el-pais","category-politica","category-region","tag-bonfatti-y-lo-que-dejo-la-foto-con-massa"],"jetpack_publicize_connections":[],"jetpack_featured_media_url":"https:\/\/armstrongyregion.com.ar\/diario\/wp-content\/uploads\/2018\/10\/massabonfatti.jpg_1305449671.jpg","jetpack_shortlink":"https:\/\/wp.me\/p62QDO-4Ya","jetpack_sharing_enabled":true,"amp_enabled":true,"_links":{"self":[{"href":"https:\/\/armstrongyregion.com.ar\/diario\/wp-json\/wp\/v2\/posts\/19106","targetHints":{"allow":["GET"]}}],"collection":[{"href":"https:\/\/armstrongyregion.com.ar\/diario\/wp-json\/wp\/v2\/posts"}],"about":[{"href":"https:\/\/armstrongyregion.com.ar\/diario\/wp-json\/wp\/v2\/types\/post"}],"author":[{"embeddable":true,"href":"https:\/\/armstrongyregion.com.ar\/diario\/wp-json\/wp\/v2\/users\/1"}],"replies":[{"embeddable":true,"href":"https:\/\/armstrongyregion.com.ar\/diario\/wp-json\/wp\/v2\/comments?post=19106"}],"version-history":[{"count":0,"href":"https:\/\/armstrongyregion.com.ar\/diario\/wp-json\/wp\/v2\/posts\/19106\/revisions"}],"wp:featuredmedia":[{"embeddable":true,"href":"https:\/\/armstrongyregion.com.ar\/diario\/wp-json\/wp\/v2\/media\/19107"}],"wp:attachment":[{"href":"https:\/\/armstrongyregion.com.ar\/diario\/wp-json\/wp\/v2\/media?parent=19106"}],"wp:term":[{"taxonomy":"category","embeddable":true,"href":"https:\/\/armstrongyregion.com.ar\/diario\/wp-json\/wp\/v2\/categories?post=19106"},{"taxonomy":"post_tag","embeddable":true,"href":"https:\/\/armstrongyregion.com.ar\/diario\/wp-json\/wp\/v2\/tags?post=19106"}],"curies":[{"name":"wp","href":"https:\/\/api.w.org\/{rel}","templated":true}]}}