{"id":19085,"date":"2018-10-21T23:05:29","date_gmt":"2018-10-21T23:05:29","guid":{"rendered":"https:\/\/armstrongyregion.com.ar\/diario\/?p=19085"},"modified":"2018-10-21T23:05:29","modified_gmt":"2018-10-21T23:05:29","slug":"armstrong-concienciacion-sobre-la-lucha-contra-el-cancer-de-mama","status":"publish","type":"post","link":"https:\/\/armstrongyregion.com.ar\/diario\/armstrong-concienciacion-sobre-la-lucha-contra-el-cancer-de-mama\/","title":{"rendered":"Armstrong. Concienciaci\u00f3n sobre la lucha contra el c\u00e1ncer de mama."},"content":{"rendered":"<p><a href=\"http:\/\/armstrongyregion.com.ar\/diario\/wp-content\/uploads\/2018\/10\/Verdecchia-lucha-cancer1.jpg\"><img loading=\"lazy\" decoding=\"async\" src=\"http:\/\/armstrongyregion.com.ar\/diario\/wp-content\/uploads\/2018\/10\/Verdecchia-lucha-cancer1.jpg\" alt=\"Verdecchia-lucha-cancer1\" width=\"768\" height=\"576\" class=\"alignnone size-full wp-image-19086\" srcset=\"https:\/\/armstrongyregion.com.ar\/diario\/wp-content\/uploads\/2018\/10\/Verdecchia-lucha-cancer1.jpg 768w, https:\/\/armstrongyregion.com.ar\/diario\/wp-content\/uploads\/2018\/10\/Verdecchia-lucha-cancer1-300x225.jpg 300w\" sizes=\"auto, (max-width: 768px) 100vw, 768px\" \/><\/a>En la tarde del s\u00e1bado 20 de octubre, pasadas las 15hs se dio inicio a la caminata por la lucha contra el C\u00e1ncer de Mama. La misma realiz\u00f3 el recorrido desde el SAMCo local hasta el Paseo Saludable Rene Favaloro. El intendente local Dr. Pablo Verdecchia junto a la Directora del SAMco Ver\u00f3nica Barone encabezaron la misma.<br \/>\nEl Grupo armstronense \u00abGangaritos\u00bb le puso humor y alegr\u00eda a la tarde; en tanto que Romina Carrillo profesora de Zumba brindo coreografias para los presentes que se animaron al baile.<br \/>\n<a href=\"http:\/\/armstrongyregion.com.ar\/diario\/wp-content\/uploads\/2018\/10\/Pavicic-Lucha-cancer-2-.jpg\"><img loading=\"lazy\" decoding=\"async\" src=\"http:\/\/armstrongyregion.com.ar\/diario\/wp-content\/uploads\/2018\/10\/Pavicic-Lucha-cancer-2-.jpg\" alt=\"Pavicic-Lucha-cancer-2-\" width=\"960\" height=\"720\" class=\"alignnone size-full wp-image-19087\" srcset=\"https:\/\/armstrongyregion.com.ar\/diario\/wp-content\/uploads\/2018\/10\/Pavicic-Lucha-cancer-2-.jpg 960w, https:\/\/armstrongyregion.com.ar\/diario\/wp-content\/uploads\/2018\/10\/Pavicic-Lucha-cancer-2--300x225.jpg 300w\" sizes=\"auto, (max-width: 960px) 100vw, 960px\" \/><\/a>En dialogo con nuestro medio Verdecchia expres\u00f3: \u201cQuiero agradecer a todas las personas que se sumaron a esta caminata, fomentando la preservaci\u00f3n de la Salud y en esta oportunidad creando conciencia sobre el c\u00e1ncer de mama que si se detecta a tiempo se puede curar, as\u00ed que muchas gracias a todos\u00bb, dijo el intendente.<br \/>\nSeg\u00fan las estad\u00edsticas una de cada ocho mujeres padece c\u00e1ncer de mama y uno de cada cien hombres tambi\u00e9n. Es decir que los hombres no est\u00e1n exentos de contraer ese tipo de c\u00e1ncer. El objetivo de las actividades que se realizan durante este mes es que cada vez m\u00e1s mujeres accedan a tratamientos, controles y diagn\u00f3sticos efectivos en contra de la enfermedad.<br \/>\nFotograf\u00edas: Fernanda P\u00e9rez. De Peque\u00f1os Gigantes.<\/p>\n","protected":false},"excerpt":{"rendered":"<p>En la tarde del s\u00e1bado 20 de octubre, pasadas las 15hs se dio inicio a la caminata por la lucha contra el C\u00e1ncer de Mama. La misma realiz\u00f3 el recorrido desde el SAMCo local hasta el Paseo Saludable Rene Favaloro. El intendente local Dr. Pablo Verdecchia junto a la Directora del SAMco Ver\u00f3nica Barone encabezaron <a href=\"https:\/\/armstrongyregion.com.ar\/diario\/armstrong-concienciacion-sobre-la-lucha-contra-el-cancer-de-mama\/\" title=\"Read more\" >&#8230;<\/a><\/p>\n","protected":false},"author":1,"featured_media":19086,"comment_status":"open","ping_status":"open","sticky":false,"template":"","format":"standard","meta":{"_jetpack_memberships_contains_paid_content":false,"footnotes":"","jetpack_publicize_message":"","jetpack_publicize_feature_enabled":true,"jetpack_social_post_already_shared":false,"jetpack_social_options":{"image_generator_settings":{"template":"highway","default_image_id":0,"enabled":false},"version":2}},"categories":[8,1,2,4],"tags":[7240],"class_list":["post-19085","post","type-post","status-publish","format-standard","has-post-thumbnail","hentry","category-deliberando","category-diario-armstrong","category-locales","category-prevencion-salud","tag-armstrong-concienciacion-sobre-la-lucha-contra-el-cancer-de-mama"],"jetpack_publicize_connections":[],"jetpack_featured_media_url":"https:\/\/armstrongyregion.com.ar\/diario\/wp-content\/uploads\/2018\/10\/Verdecchia-lucha-cancer1.jpg","jetpack_shortlink":"https:\/\/wp.me\/p62QDO-4XP","jetpack_sharing_enabled":true,"amp_enabled":true,"_links":{"self":[{"href":"https:\/\/armstrongyregion.com.ar\/diario\/wp-json\/wp\/v2\/posts\/19085","targetHints":{"allow":["GET"]}}],"collection":[{"href":"https:\/\/armstrongyregion.com.ar\/diario\/wp-json\/wp\/v2\/posts"}],"about":[{"href":"https:\/\/armstrongyregion.com.ar\/diario\/wp-json\/wp\/v2\/types\/post"}],"author":[{"embeddable":true,"href":"https:\/\/armstrongyregion.com.ar\/diario\/wp-json\/wp\/v2\/users\/1"}],"replies":[{"embeddable":true,"href":"https:\/\/armstrongyregion.com.ar\/diario\/wp-json\/wp\/v2\/comments?post=19085"}],"version-history":[{"count":0,"href":"https:\/\/armstrongyregion.com.ar\/diario\/wp-json\/wp\/v2\/posts\/19085\/revisions"}],"wp:featuredmedia":[{"embeddable":true,"href":"https:\/\/armstrongyregion.com.ar\/diario\/wp-json\/wp\/v2\/media\/19086"}],"wp:attachment":[{"href":"https:\/\/armstrongyregion.com.ar\/diario\/wp-json\/wp\/v2\/media?parent=19085"}],"wp:term":[{"taxonomy":"category","embeddable":true,"href":"https:\/\/armstrongyregion.com.ar\/diario\/wp-json\/wp\/v2\/categories?post=19085"},{"taxonomy":"post_tag","embeddable":true,"href":"https:\/\/armstrongyregion.com.ar\/diario\/wp-json\/wp\/v2\/tags?post=19085"}],"curies":[{"name":"wp","href":"https:\/\/api.w.org\/{rel}","templated":true}]}}